{"id":28313,"date":"2022-05-24T16:27:24","date_gmt":"2022-05-24T14:27:24","guid":{"rendered":"https:\/\/arhitekta.co.rs\/en\/?p=28313"},"modified":"2023-08-23T21:21:49","modified_gmt":"2023-08-23T19:21:49","slug":"the-third-b2b-event-for-architects-was-successfully-held","status":"publish","type":"post","link":"https:\/\/arhitekta.co.rs\/en\/news\/the-third-b2b-event-for-architects-was-successfully-held\/","title":{"rendered":"The third B2B event for architects was successfully held"},"content":{"rendered":"<div class=\"limit-wrapper\"><div class=\"row \"><div class=\"wpv-grid grid-1-1  wpv-first-level first unextended no-extended-padding\" style=\"padding-top:0.05px;padding-bottom:0.05px;\" id=\"wpv-column-62f24bfe0de3901eb3b67631501759fd\" ><h4 style=\"text-align: justify;\">Previous B2B (Business to business) events proved how important it is for experts from different fields to connect with each other and exchange knowledge and experience.<\/h4>\n<p style=\"text-align: justify;\">Therefore, in the organization of the professional magazines Koncept and Arhitekta, with the cooperation and support of the Serbian Chamber of Commerce, the third consecutive B2B event intended for professionals in the field of architecture and interior design was held on May 19, 2022. In the premises of the Belgrade Chamber of Commerce, a limited number of guests were addressed by representatives of renowned companies: Mara Home, Pinoles, Schneider Electric, and hiCAD.<\/div><\/div><\/div>\n<div class=\"limit-wrapper\"><div class=\"row \"><div class=\"wpv-grid grid-1-1  wpv-first-level first unextended no-extended-padding\" style=\"padding-top:0.05px;padding-bottom:0.05px;\" id=\"wpv-column-7e238256975de4ec16149efdaa1db9c2\" ><h3>Business meetings intended to create a community of professionals<\/h3>\n<p style=\"text-align: justify;\">The event was officially opened by Vuk Dimitrijevi\u0107, founder and director of Koncept i Arhitekta magazine, addressing all attendees, which was followed by a series of lectures. Representatives of each of the mentioned companies were given space to present their products and services to professionals in the field of architecture, as well as the opportunities that their products provide for the improvement of business in this area.<\/p>\n<p style=\"text-align: justify;\">Nikola Lojanica gave the first lecture in front of the <a href=\"https:\/\/www.marahome.rs\/\" target=\"_blank\" rel=\"noopener\"><strong>Mara Home<\/strong><\/a> company. This company offers a handful of exclusive brands for furnishing both residential and business spaces, as well as a special program for furnishing hotels. Mr. Lojanica presented in detail a wide range of curtains, floor coverings, carpets, wallpapers, furniture fabrics&#8230; all signed by the most famous designers and architects.<\/p>\n<p style=\"text-align: justify;\">The team presented by <a href=\"https:\/\/www.pinoles.com\/\" target=\"_blank\" rel=\"noopener\"><strong>Pinoles<\/strong> <\/a>consisted of Sne\u017eana Spasojevi\u0107 and Jelena Paunovi\u0107. Through a thorough lecture, they pointed out all the benefits of wood panel materials with the largest selection of decor. Their offer includes chipboard, laminate, worktops, hardware-hinges, sliders&#8230; You can also find building materials, sealing strips, edging strips, profiles, windows&#8230; In addition to exceptional aesthetic features, their products also stand out due to their resistance, which is necessary for good and quality design.<\/p>\n<p style=\"text-align: justify;\">Maja Mitrovi\u0107 spoke in front of the famous company <a href=\"https:\/\/www.se.com\/rs\/sr\/\" target=\"_blank\" rel=\"noopener\"><strong>Schneider Electric<\/strong><\/a>. She spoke about the two-century-long tradition, achievements in the field of modern technologies, Lides&#8217; position in the digital transformation of energy management and automation in buildings. In accordance with the slogan &#8220;Life Is On&#8221;, the company&#8217;s focus is on innovation at all levels, all in accordance with the principles of sustainability. Schneider Electric pays special attention to the design of its products, and the participants had the opportunity to view a wide range of different sockets and switches.<\/p>\n<p style=\"text-align: justify;\">The last, fourth lecture was held by Zsolt Ivanovics, director of the company <a href=\"https:\/\/hicad.biz\/\" target=\"_blank\" rel=\"noopener\"><strong>hiCAD<\/strong><\/a> &#8211; distributor of CAD-BIM software and participant of the first B2B event in this organization. As one of the leading experts for ARCHICAD BIM, he presented the possibilities of using this software, which are extremely important both during design and construction, as well as during the decades of maintenance of an object, which will inevitably follow.<\/p>\n<p style=\"text-align: justify;\">At the very end, the visitors of the event had the opportunity to once again ask questions to all the lecturers, and for all the participants to summarize together and express their opinion on the open topics, which left the opportunity for a stimulating discussion that continued in an informal atmosphere at the cocktail party. Everyone gathered once again proved that a strong community of professionals is necessary for good projects, so we look forward to every future B2B event.<\/p>\n<p><em>Prepared by: Katarina Stoji\u0107, M.Arch. and editor of Koncept magazine<\/em><\/div><\/div><\/div>\n<div class=\"limit-wrapper\"><div class=\"row \"><div class=\"wpv-grid grid-1-1  wpv-first-level first unextended has-extended-padding\" style=\"padding-top:0.05px;padding-bottom:0.05px;\" id=\"wpv-column-550f54c563c58707d2fc80a67f39fa47\" ><div class=\"row \"><div class=\"wpv-grid grid-1-2  first unextended no-extended-padding\" style=\"padding-top:0.05px;padding-bottom:0.05px;\" id=\"wpv-column-3bf77cf0727fe1c6a7494e390dcc7979\" ><p><a href=\"https:\/\/arhitekta.co.rs\/en\/wp-content\/uploads\/2022\/05\/b2b-event-arhitekta-koncept-19-maj-2022-03.jpg\"><img loading=\"lazy\" decoding=\"async\" class=\"alignnone wp-image-28387 size-full\" src=\"https:\/\/arhitekta.co.rs\/en\/wp-content\/uploads\/2022\/05\/b2b-event-arhitekta-koncept-19-maj-2022-02.jpg\" alt=\"\" width=\"1000\" height=\"750\" srcset=\"https:\/\/arhitekta.co.rs\/en\/wp-content\/uploads\/2022\/05\/b2b-event-arhitekta-koncept-19-maj-2022-02.jpg 1000w, https:\/\/arhitekta.co.rs\/en\/wp-content\/uploads\/2022\/05\/b2b-event-arhitekta-koncept-19-maj-2022-02-768x576.jpg 768w, https:\/\/arhitekta.co.rs\/en\/wp-content\/uploads\/2022\/05\/b2b-event-arhitekta-koncept-19-maj-2022-02-500x375.jpg 500w, https:\/\/arhitekta.co.rs\/en\/wp-content\/uploads\/2022\/05\/b2b-event-arhitekta-koncept-19-maj-2022-02-800x600.jpg 800w, https:\/\/arhitekta.co.rs\/en\/wp-content\/uploads\/2022\/05\/b2b-event-arhitekta-koncept-19-maj-2022-02-615x461.jpg 615w, https:\/\/arhitekta.co.rs\/en\/wp-content\/uploads\/2022\/05\/b2b-event-arhitekta-koncept-19-maj-2022-02-400x300.jpg 400w, https:\/\/arhitekta.co.rs\/en\/wp-content\/uploads\/2022\/05\/b2b-event-arhitekta-koncept-19-maj-2022-02-292x219.jpg 292w, https:\/\/arhitekta.co.rs\/en\/wp-content\/uploads\/2022\/05\/b2b-event-arhitekta-koncept-19-maj-2022-02-600x450.jpg 600w\" sizes=\"auto, (max-width: 1000px) 100vw, 1000px\" \/><\/a><\/div>\n<div class=\"wpv-grid grid-1-2  unextended no-extended-padding\" style=\"padding-top:0.05px;padding-bottom:0.05px;\" id=\"wpv-column-d8b58603ccb51bb0d627f55d7b8b4d92\" ><p><a href=\"https:\/\/arhitekta.co.rs\/en\/wp-content\/uploads\/2022\/05\/b2b-event-arhitekta-koncept-19-maj-2022-02.jpg\"><img loading=\"lazy\" decoding=\"async\" class=\"alignnone wp-image-28317 size-full\" src=\"https:\/\/arhitekta.co.rs\/en\/wp-content\/uploads\/2022\/05\/b2b-event-arhitekta-koncept-19-maj-2022-03.jpg\" alt=\"\" width=\"1000\" height=\"750\" \/><\/a><\/div><\/div><\/div><\/div><\/div>\n","protected":false},"excerpt":{"rendered":"<p>Previous B2B (Business to business) events proved how important it is for experts from different fields to connect with each other and exchange knowledge and experience. Therefore, in the organization of the professional magazines Koncept and Arhitekta, with the cooperation and support of the Serbian Chamber of Commerce, the third consecutive B2B event intended for&#8230;<\/p>\n","protected":false},"author":1,"featured_media":28386,"comment_status":"closed","ping_status":"open","sticky":false,"template":"","format":"standard","meta":{"_exactmetrics_skip_tracking":false,"_vp_format_video_url":"","_vp_image_focal_point":[],"footnotes":""},"categories":[336,310],"tags":[117,401,432,334,433,434,435,436,437],"class_list":["post-28313","post","type-post","status-publish","format-standard","has-post-thumbnail","hentry","category-events","category-news","tag-arhitekta","tag-b2b","tag-business-to-business","tag-event","tag-hicad","tag-mara-home","tag-networking","tag-pinoles","tag-schneider-electric"],"yoast_head":"<!-- This site is optimized with the Yoast SEO plugin v28.1 - https:\/\/yoast.com\/product\/yoast-seo-wordpress\/ -->\n<title>The third B2B event for architects was successfully held - Arhitekta - architecture magazine<\/title>\n<meta name=\"robots\" content=\"index, follow, max-snippet:-1, max-image-preview:large, max-video-preview:-1\" \/>\n<link rel=\"canonical\" href=\"https:\/\/arhitekta.co.rs\/en\/news\/the-third-b2b-event-for-architects-was-successfully-held\/\" \/>\n<meta property=\"og:locale\" content=\"en_US\" \/>\n<meta property=\"og:type\" content=\"article\" \/>\n<meta property=\"og:title\" content=\"The third B2B event for architects was successfully held - Arhitekta - architecture magazine\" \/>\n<meta property=\"og:description\" content=\"Previous B2B (Business to business) events proved how important it is for experts from different fields to connect with each other and exchange knowledge and experience. Therefore, in the organization of the professional magazines Koncept and Arhitekta, with the cooperation and support of the Serbian Chamber of Commerce, the third consecutive B2B event intended for...\" \/>\n<meta property=\"og:url\" content=\"https:\/\/arhitekta.co.rs\/en\/news\/the-third-b2b-event-for-architects-was-successfully-held\/\" \/>\n<meta property=\"og:site_name\" content=\"Arhitekta - architecture magazine\" \/>\n<meta property=\"article:publisher\" content=\"https:\/\/www.facebook.com\/ArhitektaCasopis\/\" \/>\n<meta property=\"article:published_time\" content=\"2022-05-24T14:27:24+00:00\" \/>\n<meta property=\"article:modified_time\" content=\"2023-08-23T19:21:49+00:00\" \/>\n<meta property=\"og:image\" content=\"https:\/\/arhitekta.co.rs\/en\/wp-content\/uploads\/2022\/05\/b2b-event-arhitekta-koncept-19-maj-2022-01.jpg\" \/>\n\t<meta property=\"og:image:width\" content=\"1000\" \/>\n\t<meta property=\"og:image:height\" content=\"750\" \/>\n\t<meta property=\"og:image:type\" content=\"image\/jpeg\" \/>\n<meta name=\"author\" content=\"admin\" \/>\n<meta name=\"twitter:card\" content=\"summary_large_image\" \/>\n<meta name=\"twitter:label1\" content=\"Written by\" \/>\n\t<meta name=\"twitter:data1\" content=\"admin\" \/>\n\t<meta name=\"twitter:label2\" content=\"Est. reading time\" \/>\n\t<meta name=\"twitter:data2\" content=\"4 minutes\" \/>\n<script type=\"application\/ld+json\" class=\"yoast-schema-graph\">{\"@context\":\"https:\\\/\\\/schema.org\",\"@graph\":[{\"@type\":\"Article\",\"@id\":\"https:\\\/\\\/arhitekta.co.rs\\\/en\\\/news\\\/the-third-b2b-event-for-architects-was-successfully-held\\\/#article\",\"isPartOf\":{\"@id\":\"https:\\\/\\\/arhitekta.co.rs\\\/en\\\/news\\\/the-third-b2b-event-for-architects-was-successfully-held\\\/\"},\"author\":{\"name\":\"admin\",\"@id\":\"https:\\\/\\\/arhitekta.co.rs\\\/en\\\/#\\\/schema\\\/person\\\/cbd35a5a8a859deaf44a3ad44d022a4b\"},\"headline\":\"The third B2B event for architects was successfully held\",\"datePublished\":\"2022-05-24T14:27:24+00:00\",\"dateModified\":\"2023-08-23T19:21:49+00:00\",\"mainEntityOfPage\":{\"@id\":\"https:\\\/\\\/arhitekta.co.rs\\\/en\\\/news\\\/the-third-b2b-event-for-architects-was-successfully-held\\\/\"},\"wordCount\":682,\"publisher\":{\"@id\":\"https:\\\/\\\/arhitekta.co.rs\\\/en\\\/#organization\"},\"image\":{\"@id\":\"https:\\\/\\\/arhitekta.co.rs\\\/en\\\/news\\\/the-third-b2b-event-for-architects-was-successfully-held\\\/#primaryimage\"},\"thumbnailUrl\":\"https:\\\/\\\/arhitekta.co.rs\\\/en\\\/wp-content\\\/uploads\\\/2022\\\/05\\\/b2b-event-arhitekta-koncept-19-maj-2022-01.jpg\",\"keywords\":[\"arhitekta\",\"B2B\",\"Business to business\",\"event\",\"hiCAD\",\"Mara Home\",\"Networking\",\"Pinoles\",\"Schneider Electric\"],\"articleSection\":[\"Events\",\"News\"],\"inLanguage\":\"en-US\"},{\"@type\":\"WebPage\",\"@id\":\"https:\\\/\\\/arhitekta.co.rs\\\/en\\\/news\\\/the-third-b2b-event-for-architects-was-successfully-held\\\/\",\"url\":\"https:\\\/\\\/arhitekta.co.rs\\\/en\\\/news\\\/the-third-b2b-event-for-architects-was-successfully-held\\\/\",\"name\":\"The third B2B event for architects was successfully held - Arhitekta - architecture magazine\",\"isPartOf\":{\"@id\":\"https:\\\/\\\/arhitekta.co.rs\\\/en\\\/#website\"},\"primaryImageOfPage\":{\"@id\":\"https:\\\/\\\/arhitekta.co.rs\\\/en\\\/news\\\/the-third-b2b-event-for-architects-was-successfully-held\\\/#primaryimage\"},\"image\":{\"@id\":\"https:\\\/\\\/arhitekta.co.rs\\\/en\\\/news\\\/the-third-b2b-event-for-architects-was-successfully-held\\\/#primaryimage\"},\"thumbnailUrl\":\"https:\\\/\\\/arhitekta.co.rs\\\/en\\\/wp-content\\\/uploads\\\/2022\\\/05\\\/b2b-event-arhitekta-koncept-19-maj-2022-01.jpg\",\"datePublished\":\"2022-05-24T14:27:24+00:00\",\"dateModified\":\"2023-08-23T19:21:49+00:00\",\"breadcrumb\":{\"@id\":\"https:\\\/\\\/arhitekta.co.rs\\\/en\\\/news\\\/the-third-b2b-event-for-architects-was-successfully-held\\\/#breadcrumb\"},\"inLanguage\":\"en-US\",\"potentialAction\":[{\"@type\":\"ReadAction\",\"target\":[\"https:\\\/\\\/arhitekta.co.rs\\\/en\\\/news\\\/the-third-b2b-event-for-architects-was-successfully-held\\\/\"]}]},{\"@type\":\"ImageObject\",\"inLanguage\":\"en-US\",\"@id\":\"https:\\\/\\\/arhitekta.co.rs\\\/en\\\/news\\\/the-third-b2b-event-for-architects-was-successfully-held\\\/#primaryimage\",\"url\":\"https:\\\/\\\/arhitekta.co.rs\\\/en\\\/wp-content\\\/uploads\\\/2022\\\/05\\\/b2b-event-arhitekta-koncept-19-maj-2022-01.jpg\",\"contentUrl\":\"https:\\\/\\\/arhitekta.co.rs\\\/en\\\/wp-content\\\/uploads\\\/2022\\\/05\\\/b2b-event-arhitekta-koncept-19-maj-2022-01.jpg\",\"width\":1000,\"height\":750},{\"@type\":\"BreadcrumbList\",\"@id\":\"https:\\\/\\\/arhitekta.co.rs\\\/en\\\/news\\\/the-third-b2b-event-for-architects-was-successfully-held\\\/#breadcrumb\",\"itemListElement\":[{\"@type\":\"ListItem\",\"position\":1,\"name\":\"\u041f\u043e\u0447\u0435\u0442\u043d\u0430\",\"item\":\"https:\\\/\\\/arhitekta.co.rs\\\/en\\\/\"},{\"@type\":\"ListItem\",\"position\":2,\"name\":\"The third B2B event for architects was successfully held\"}]},{\"@type\":\"WebSite\",\"@id\":\"https:\\\/\\\/arhitekta.co.rs\\\/en\\\/#website\",\"url\":\"https:\\\/\\\/arhitekta.co.rs\\\/en\\\/\",\"name\":\"Arhitekta - architecture magazine\",\"description\":\"\",\"publisher\":{\"@id\":\"https:\\\/\\\/arhitekta.co.rs\\\/en\\\/#organization\"},\"potentialAction\":[{\"@type\":\"SearchAction\",\"target\":{\"@type\":\"EntryPoint\",\"urlTemplate\":\"https:\\\/\\\/arhitekta.co.rs\\\/en\\\/?s={search_term_string}\"},\"query-input\":{\"@type\":\"PropertyValueSpecification\",\"valueRequired\":true,\"valueName\":\"search_term_string\"}}],\"inLanguage\":\"en-US\"},{\"@type\":\"Organization\",\"@id\":\"https:\\\/\\\/arhitekta.co.rs\\\/en\\\/#organization\",\"name\":\"Arhitekta - architecture magazine\",\"url\":\"https:\\\/\\\/arhitekta.co.rs\\\/en\\\/\",\"logo\":{\"@type\":\"ImageObject\",\"inLanguage\":\"en-US\",\"@id\":\"https:\\\/\\\/arhitekta.co.rs\\\/en\\\/#\\\/schema\\\/logo\\\/image\\\/\",\"url\":\"https:\\\/\\\/arhitekta.co.rs\\\/en\\\/wp-content\\\/uploads\\\/2020\\\/06\\\/logo-black.png\",\"contentUrl\":\"https:\\\/\\\/arhitekta.co.rs\\\/en\\\/wp-content\\\/uploads\\\/2020\\\/06\\\/logo-black.png\",\"width\":648,\"height\":173,\"caption\":\"Arhitekta - architecture magazine\"},\"image\":{\"@id\":\"https:\\\/\\\/arhitekta.co.rs\\\/en\\\/#\\\/schema\\\/logo\\\/image\\\/\"},\"sameAs\":[\"https:\\\/\\\/www.facebook.com\\\/ArhitektaCasopis\\\/\",\"https:\\\/\\\/www.linkedin.com\\\/in\\\/arhitekta-casopis\\\/\",\"https:\\\/\\\/www.youtube.com\\\/@arhitekta-casopis\\\/podcasts\",\"https:\\\/\\\/podcasters.spotify.com\\\/pod\\\/show\\\/arhitekta-podcast\"]},{\"@type\":\"Person\",\"@id\":\"https:\\\/\\\/arhitekta.co.rs\\\/en\\\/#\\\/schema\\\/person\\\/cbd35a5a8a859deaf44a3ad44d022a4b\",\"name\":\"admin\",\"image\":{\"@type\":\"ImageObject\",\"inLanguage\":\"en-US\",\"@id\":\"https:\\\/\\\/secure.gravatar.com\\\/avatar\\\/9b05232474c4da96f7a39adc6124f5885a8c8bcdb9ca852ecc50292b55dd26f7?s=96&d=mm&r=g\",\"url\":\"https:\\\/\\\/secure.gravatar.com\\\/avatar\\\/9b05232474c4da96f7a39adc6124f5885a8c8bcdb9ca852ecc50292b55dd26f7?s=96&d=mm&r=g\",\"contentUrl\":\"https:\\\/\\\/secure.gravatar.com\\\/avatar\\\/9b05232474c4da96f7a39adc6124f5885a8c8bcdb9ca852ecc50292b55dd26f7?s=96&d=mm&r=g\",\"caption\":\"admin\"},\"url\":\"https:\\\/\\\/arhitekta.co.rs\\\/en\\\/author\\\/admin\\\/\"}]}<\/script>\n<!-- \/ Yoast SEO plugin. -->","yoast_head_json":{"title":"The third B2B event for architects was successfully held - Arhitekta - architecture magazine","robots":{"index":"index","follow":"follow","max-snippet":"max-snippet:-1","max-image-preview":"max-image-preview:large","max-video-preview":"max-video-preview:-1"},"canonical":"https:\/\/arhitekta.co.rs\/en\/news\/the-third-b2b-event-for-architects-was-successfully-held\/","og_locale":"en_US","og_type":"article","og_title":"The third B2B event for architects was successfully held - Arhitekta - architecture magazine","og_description":"Previous B2B (Business to business) events proved how important it is for experts from different fields to connect with each other and exchange knowledge and experience. Therefore, in the organization of the professional magazines Koncept and Arhitekta, with the cooperation and support of the Serbian Chamber of Commerce, the third consecutive B2B event intended for...","og_url":"https:\/\/arhitekta.co.rs\/en\/news\/the-third-b2b-event-for-architects-was-successfully-held\/","og_site_name":"Arhitekta - architecture magazine","article_publisher":"https:\/\/www.facebook.com\/ArhitektaCasopis\/","article_published_time":"2022-05-24T14:27:24+00:00","article_modified_time":"2023-08-23T19:21:49+00:00","og_image":[{"width":1000,"height":750,"url":"https:\/\/arhitekta.co.rs\/en\/wp-content\/uploads\/2022\/05\/b2b-event-arhitekta-koncept-19-maj-2022-01.jpg","type":"image\/jpeg"}],"author":"admin","twitter_card":"summary_large_image","twitter_misc":{"Written by":"admin","Est. reading time":"4 minutes"},"schema":{"@context":"https:\/\/schema.org","@graph":[{"@type":"Article","@id":"https:\/\/arhitekta.co.rs\/en\/news\/the-third-b2b-event-for-architects-was-successfully-held\/#article","isPartOf":{"@id":"https:\/\/arhitekta.co.rs\/en\/news\/the-third-b2b-event-for-architects-was-successfully-held\/"},"author":{"name":"admin","@id":"https:\/\/arhitekta.co.rs\/en\/#\/schema\/person\/cbd35a5a8a859deaf44a3ad44d022a4b"},"headline":"The third B2B event for architects was successfully held","datePublished":"2022-05-24T14:27:24+00:00","dateModified":"2023-08-23T19:21:49+00:00","mainEntityOfPage":{"@id":"https:\/\/arhitekta.co.rs\/en\/news\/the-third-b2b-event-for-architects-was-successfully-held\/"},"wordCount":682,"publisher":{"@id":"https:\/\/arhitekta.co.rs\/en\/#organization"},"image":{"@id":"https:\/\/arhitekta.co.rs\/en\/news\/the-third-b2b-event-for-architects-was-successfully-held\/#primaryimage"},"thumbnailUrl":"https:\/\/arhitekta.co.rs\/en\/wp-content\/uploads\/2022\/05\/b2b-event-arhitekta-koncept-19-maj-2022-01.jpg","keywords":["arhitekta","B2B","Business to business","event","hiCAD","Mara Home","Networking","Pinoles","Schneider Electric"],"articleSection":["Events","News"],"inLanguage":"en-US"},{"@type":"WebPage","@id":"https:\/\/arhitekta.co.rs\/en\/news\/the-third-b2b-event-for-architects-was-successfully-held\/","url":"https:\/\/arhitekta.co.rs\/en\/news\/the-third-b2b-event-for-architects-was-successfully-held\/","name":"The third B2B event for architects was successfully held - Arhitekta - architecture magazine","isPartOf":{"@id":"https:\/\/arhitekta.co.rs\/en\/#website"},"primaryImageOfPage":{"@id":"https:\/\/arhitekta.co.rs\/en\/news\/the-third-b2b-event-for-architects-was-successfully-held\/#primaryimage"},"image":{"@id":"https:\/\/arhitekta.co.rs\/en\/news\/the-third-b2b-event-for-architects-was-successfully-held\/#primaryimage"},"thumbnailUrl":"https:\/\/arhitekta.co.rs\/en\/wp-content\/uploads\/2022\/05\/b2b-event-arhitekta-koncept-19-maj-2022-01.jpg","datePublished":"2022-05-24T14:27:24+00:00","dateModified":"2023-08-23T19:21:49+00:00","breadcrumb":{"@id":"https:\/\/arhitekta.co.rs\/en\/news\/the-third-b2b-event-for-architects-was-successfully-held\/#breadcrumb"},"inLanguage":"en-US","potentialAction":[{"@type":"ReadAction","target":["https:\/\/arhitekta.co.rs\/en\/news\/the-third-b2b-event-for-architects-was-successfully-held\/"]}]},{"@type":"ImageObject","inLanguage":"en-US","@id":"https:\/\/arhitekta.co.rs\/en\/news\/the-third-b2b-event-for-architects-was-successfully-held\/#primaryimage","url":"https:\/\/arhitekta.co.rs\/en\/wp-content\/uploads\/2022\/05\/b2b-event-arhitekta-koncept-19-maj-2022-01.jpg","contentUrl":"https:\/\/arhitekta.co.rs\/en\/wp-content\/uploads\/2022\/05\/b2b-event-arhitekta-koncept-19-maj-2022-01.jpg","width":1000,"height":750},{"@type":"BreadcrumbList","@id":"https:\/\/arhitekta.co.rs\/en\/news\/the-third-b2b-event-for-architects-was-successfully-held\/#breadcrumb","itemListElement":[{"@type":"ListItem","position":1,"name":"\u041f\u043e\u0447\u0435\u0442\u043d\u0430","item":"https:\/\/arhitekta.co.rs\/en\/"},{"@type":"ListItem","position":2,"name":"The third B2B event for architects was successfully held"}]},{"@type":"WebSite","@id":"https:\/\/arhitekta.co.rs\/en\/#website","url":"https:\/\/arhitekta.co.rs\/en\/","name":"Arhitekta - architecture magazine","description":"","publisher":{"@id":"https:\/\/arhitekta.co.rs\/en\/#organization"},"potentialAction":[{"@type":"SearchAction","target":{"@type":"EntryPoint","urlTemplate":"https:\/\/arhitekta.co.rs\/en\/?s={search_term_string}"},"query-input":{"@type":"PropertyValueSpecification","valueRequired":true,"valueName":"search_term_string"}}],"inLanguage":"en-US"},{"@type":"Organization","@id":"https:\/\/arhitekta.co.rs\/en\/#organization","name":"Arhitekta - architecture magazine","url":"https:\/\/arhitekta.co.rs\/en\/","logo":{"@type":"ImageObject","inLanguage":"en-US","@id":"https:\/\/arhitekta.co.rs\/en\/#\/schema\/logo\/image\/","url":"https:\/\/arhitekta.co.rs\/en\/wp-content\/uploads\/2020\/06\/logo-black.png","contentUrl":"https:\/\/arhitekta.co.rs\/en\/wp-content\/uploads\/2020\/06\/logo-black.png","width":648,"height":173,"caption":"Arhitekta - architecture magazine"},"image":{"@id":"https:\/\/arhitekta.co.rs\/en\/#\/schema\/logo\/image\/"},"sameAs":["https:\/\/www.facebook.com\/ArhitektaCasopis\/","https:\/\/www.linkedin.com\/in\/arhitekta-casopis\/","https:\/\/www.youtube.com\/@arhitekta-casopis\/podcasts","https:\/\/podcasters.spotify.com\/pod\/show\/arhitekta-podcast"]},{"@type":"Person","@id":"https:\/\/arhitekta.co.rs\/en\/#\/schema\/person\/cbd35a5a8a859deaf44a3ad44d022a4b","name":"admin","image":{"@type":"ImageObject","inLanguage":"en-US","@id":"https:\/\/secure.gravatar.com\/avatar\/9b05232474c4da96f7a39adc6124f5885a8c8bcdb9ca852ecc50292b55dd26f7?s=96&d=mm&r=g","url":"https:\/\/secure.gravatar.com\/avatar\/9b05232474c4da96f7a39adc6124f5885a8c8bcdb9ca852ecc50292b55dd26f7?s=96&d=mm&r=g","contentUrl":"https:\/\/secure.gravatar.com\/avatar\/9b05232474c4da96f7a39adc6124f5885a8c8bcdb9ca852ecc50292b55dd26f7?s=96&d=mm&r=g","caption":"admin"},"url":"https:\/\/arhitekta.co.rs\/en\/author\/admin\/"}]}},"_links":{"self":[{"href":"https:\/\/arhitekta.co.rs\/en\/wp-json\/wp\/v2\/posts\/28313","targetHints":{"allow":["GET"]}}],"collection":[{"href":"https:\/\/arhitekta.co.rs\/en\/wp-json\/wp\/v2\/posts"}],"about":[{"href":"https:\/\/arhitekta.co.rs\/en\/wp-json\/wp\/v2\/types\/post"}],"author":[{"embeddable":true,"href":"https:\/\/arhitekta.co.rs\/en\/wp-json\/wp\/v2\/users\/1"}],"replies":[{"embeddable":true,"href":"https:\/\/arhitekta.co.rs\/en\/wp-json\/wp\/v2\/comments?post=28313"}],"version-history":[{"count":10,"href":"https:\/\/arhitekta.co.rs\/en\/wp-json\/wp\/v2\/posts\/28313\/revisions"}],"predecessor-version":[{"id":28389,"href":"https:\/\/arhitekta.co.rs\/en\/wp-json\/wp\/v2\/posts\/28313\/revisions\/28389"}],"wp:featuredmedia":[{"embeddable":true,"href":"https:\/\/arhitekta.co.rs\/en\/wp-json\/wp\/v2\/media\/28386"}],"wp:attachment":[{"href":"https:\/\/arhitekta.co.rs\/en\/wp-json\/wp\/v2\/media?parent=28313"}],"wp:term":[{"taxonomy":"category","embeddable":true,"href":"https:\/\/arhitekta.co.rs\/en\/wp-json\/wp\/v2\/categories?post=28313"},{"taxonomy":"post_tag","embeddable":true,"href":"https:\/\/arhitekta.co.rs\/en\/wp-json\/wp\/v2\/tags?post=28313"}],"curies":[{"name":"wp","href":"https:\/\/api.w.org\/{rel}","templated":true}]}}