{"id":29086,"date":"2025-04-15T14:23:27","date_gmt":"2025-04-15T12:23:27","guid":{"rendered":"https:\/\/arhitekta.co.rs\/en\/?p=29086"},"modified":"2025-04-15T15:44:32","modified_gmt":"2025-04-15T13:44:32","slug":"big-architecture-festival-2025","status":"publish","type":"post","link":"https:\/\/arhitekta.co.rs\/en\/events\/big-architecture-festival-2025\/","title":{"rendered":"BIG Architecture Festival 2025"},"content":{"rendered":"<div class=\"limit-wrapper\"><div class=\"row \"><div class=\"wpv-grid grid-1-1  wpv-first-level first unextended no-extended-padding\" style=\"padding-top:0.05px;padding-bottom:0.05px;\" id=\"wpv-column-e24180e3a6c347ffbced287ccc63a26e\" ><h3><span style=\"color: #000000;\"><strong>A Visionary Platform for Innovation and \u201cCommon Sense\u201d in Architecture<\/strong><\/span><\/h3><\/div><\/div><\/div>\n<div class=\"limit-wrapper\"><div class=\"row \"><div class=\"wpv-grid grid-1-1  wpv-first-level first unextended no-extended-padding\" style=\"padding-top:0.05px;padding-bottom:0.05px;\" id=\"wpv-column-34a683049a60d4340b56acaff975e15f\" ><p style=\"text-align: justify;\"><span style=\"color: #000000;\">As one of the most influential architectural events in South-East Europe, the <a href=\"https:\/\/bigsee.eu\/big-architecture-2025\/\" target=\"_blank\" rel=\"noopener\"><strong>BIG Architecture Festival 2025<\/strong><\/a> will bring together the leading voices in architecture and interior design from the region and beyond. Taking place on <strong>May 22\u201323<\/strong> at the stunning coastal venue of <strong>Grando, Obala 10 in Portoro\u017e, Slovenia<\/strong>, the festival serves as a platform for visionary professionals, fostering dialogue on the future of the built environment while celebrating architectural excellence and innovation. Established under the BIG SEE initiative, the festival has evolved into a key meeting point for industry leaders, decision-makers, and emerging talents, providing a space for knowledge exchange, collaboration, and recognition of groundbreaking projects.<\/span><\/p>\n<h4 style=\"text-align: justify;\"><strong><span style=\"color: #000000;\">International Conference: Common Sense in Architecture<\/span><\/strong><\/h4>\n<p style=\"text-align: justify;\"><span style=\"color: #000000;\">At the heart of the festival is the international conference, which will explore the theme of <a href=\"https:\/\/bigsee.eu\/architecture-conference-2025\/\" target=\"_blank\" rel=\"noopener\"><strong>Common Sense \/ Space \/ Responsibility\u2026 in Architecture<\/strong><\/a>. Leading architects and thought leaders will engage in discussions on responsible, sustainable, and context-driven design approaches. The curated program will address pressing global issues, including climate resilience, circular construction, adaptive reuse, and the ethical implications of AI in architectural practice. The conference aims to redefine how common sense principles can make contemporary architecture more socially and environmentally conscious.<\/span><\/p>\n<h4 style=\"text-align: justify;\"><strong><span style=\"color: #000000;\">Debates Exploring the Future of Architecture: AI, Urban Visions, and Global Platforms<\/span><\/strong><\/h4>\n<p style=\"text-align: justify;\"><span style=\"color: #000000;\">The BIG Architecture Festival 2025 will spark critical conversations through a series of thought-provoking debates that explore the evolving role of architecture in a rapidly changing world. From cutting-edge AI-driven design processes to the future of cities and the global representation of SEE countries, these discussions will bring together leading experts, architects, and urban planners to address key challenges and opportunities.<\/span><\/p>\n<p style=\"text-align: justify;\"><span style=\"color: #000000;\">The debate <a href=\"https:\/\/bigsee.eu\/big-see-debate-artificial-intelligence-in-architecture\/\" target=\"_blank\" rel=\"noopener\"><strong>Beyond Algorithms: The Human Touch in AI\u2013Enhanced Architecture<\/strong><\/a> will examine the growing role of artificial intelligence in architectural design, highlighting both its potential and limitations. While AI offers efficiency, optimization, and new creative possibilities, the discussion will focus on maintaining architectural diversity, cultural identity, and ethical considerations in the face of automation.<\/span><\/p>\n<p style=\"text-align: justify;\"><span style=\"color: #000000;\">Urban transformation will take center stage in <a href=\"https:\/\/bigsee.eu\/envisioning-a-city-future-perspectives-from-north-and-south\/\" target=\"_blank\" rel=\"noopener\"><strong>Envisioning a City: Future Perspectives from North and South<\/strong><\/a>, curated by <strong>Sel\u00e7uk Avc\u0131<\/strong>, where city architects from different parts of the SEE region will present their visions for resilient, sustainable urban development. The discussion will compare strategies shaped by varying climatic, economic, and cultural contexts, addressing challenges such as climate adaptation, public space revitalization, and the integration of smart technologies.<\/span><\/p>\n<p style=\"text-align: justify;\"><span style=\"color: #000000;\">Turning to the global stage, <a href=\"https:\/\/bigsee.eu\/big-see-debate-see-in-venice\/\" target=\"_blank\" rel=\"noopener\"><strong>SEE in Venice\u2013Venice at BIG Architecture: Synergies for 2027<\/strong><\/a> will assess the participation of 21 SEE countries in the 2025 Venice Architecture Biennale. Experts and national representatives will reflect on their contributions and explore ways to enhance regional collaboration for a stronger, more unified presence in 2027.<\/span><\/p>\n<p style=\"text-align: justify;\"><span style=\"color: #000000;\">Finally, <a href=\"https:\/\/bigsee.eu\/big-see-debate-see-in-osaka\/\" target=\"_blank\" rel=\"noopener\"><strong>Shaping the Future of World Expos: SEE Countries Beyond Osaka 2025<\/strong><\/a> will examine how SEE nations can maximize their impact at EXPO 2025 Osaka and future EXPOS. The discussion will highlight architectural innovation, national branding, and strategies for increasing regional visibility in these influential global events.<\/span><\/p>\n<h4 style=\"text-align: justify;\"><strong><span style=\"color: #000000;\">Exhibition SEE the Future: Reimagining the Cities of Tomorrow<\/span><\/strong><\/h4>\n<p style=\"text-align: justify;\"><span style=\"color: #000000;\"><a href=\"https:\/\/bigsee.eu\/exhibition-see-the-future-the-future-of-the-cities\/\" target=\"_blank\" rel=\"noopener\"><strong>The Cities of the Future exhibition<\/strong><\/a> at BIG Architecture 2025 will showcase visionary ideas for the evolution of urban life in outh-East Europe and beyond. Architects and students from across the region will present innovative perspectives on how cities can adapt to.<\/span><\/p>\n<p style=\"text-align: justify;\"><span style=\"color: #000000;\">More than a showcase, <strong>SEE the Future<\/strong> is a collaborative platform where new ideas take shape, fostering dialogue and redefining the architectural landscape of tomorrow.<\/span><\/p>\n<h4 style=\"text-align: justify;\"><strong><span style=\"color: #000000;\">Industry Innovation, Networking, and Professional Exchange<\/span><\/strong><\/h4>\n<p style=\"text-align: justify;\"><span style=\"color: #000000;\">With over 100 exhibitors, the <a href=\"https:\/\/bigsee.eu\/trade-show-innovation-premieres-2025\/\" target=\"_blank\" rel=\"noopener\"><strong>trade show<\/strong><\/a> will serve as a hub for industry professionals seeking the latest innovations in architecture, interior design, materials, and sustainable solutions. Attendees will have the opportunity to engage with cutting-edge products, technologies, and services that are shaping the future of the built environment.<\/span><\/p>\n<p style=\"text-align: justify;\"><span style=\"color: #000000;\">With over 3,000 architects, designers, and decision-makers expected, the BIG Architecture Festival 2025 offers unparalleled networking opportunities to forge new partnerships and collaborate on groundbreaking ideas.<\/span><\/p>\n<h4 style=\"text-align: justify;\"><strong><span style=\"color: #000000;\">BIG Architecture &amp; Interior Design Awards 2025<\/span><\/strong><\/h4>\n<p style=\"text-align: justify;\"><span style=\"color: #000000;\">The festival will also celebrate the best in architecture and interior design with the prestigious <a href=\"https:\/\/bigsee.eu\/big-architecture-2025-winners-and-perspectives\/\" target=\"_blank\" rel=\"noopener\"><strong>BIG Architecture &amp; Interior Design Awards 2025<\/strong><\/a>.<\/span><\/p>\n<p style=\"text-align: justify;\"><span style=\"color: #000000;\">BIG SEE, originally launched as a platform to explore the creative potential of South-East Europe, has grown into a global movement recognizing outstanding achievements in architecture, design, and beyond.<\/span><\/p>\n<p style=\"text-align: justify;\"><span style=\"color: #000000;\">The 2025 edition features a prestigious panel of jury members, including influential figures such as <strong>Juergen Mayer H., Pascale Sablan, Paul Robbrecht, Fernando Rodr\u00edguez, Amin Taha, and Kentaro Takeguchi<\/strong>, ensuring a rigorous evaluation process and a celebration of groundbreaking architectural contributions.<\/span><\/p>\n<p style=\"text-align: justify;\"><span style=\"color: #000000;\">The two days of the festival will present <strong>more than 600 projects and topics<\/strong>.<\/span><\/p>\n<p style=\"text-align: justify;\"><span style=\"color: #000000;\">Applications for the Awards are open until <strong>April 13, 2025<\/strong>.<\/span><\/p>\n<h4 style=\"text-align: justify;\"><strong><span style=\"color: #000000;\">A Global Stage for Creativity and Excellence<\/span><\/strong><\/h4>\n<p style=\"text-align: justify;\"><span style=\"color: #000000;\">As the built environment faces unprecedented challenges, the BIG Architecture Festival 2025 aims to inspire architects and designers to embrace <strong>common sense, shared spaces, and collective responsibility<\/strong> in their work.<\/span><\/p>\n<p style=\"text-align: justify;\"><span style=\"color: #000000;\">Participation in the BIG Architecture Festival 2025 is <strong>free of charge<\/strong> with an invitation from the organizers. More information about invitations and the program can be found at <a href=\"https:\/\/bigsee.eu\/visit-big-architecture\/\" target=\"_blank\" rel=\"noopener\"><strong>bigsee.eu\/visit-big-architecture<\/strong><\/a>.<\/span><\/div><\/div><\/div>\n<div class=\"limit-wrapper\"><div class=\"row \"><div class=\"wpv-grid grid-1-1  wpv-first-level first unextended no-extended-padding\" style=\"padding-top:0.05px;padding-bottom:0.05px;\" id=\"wpv-column-7b4924a44d004640fa39546315ff33a0\" ><p>\n<div class=\"vp-portfolio vp-uid-5dccc944 vp-id-29099 \"\n\tdata-vp-layout=\"tiles\" data-vp-content-source=\"images\" data-vp-items-style=\"default\" data-vp-items-click-action=\"popup_gallery\" data-vp-items-gap=\"15\" data-vp-items-gap-vertical=\"\" data-vp-pagination=\"load-more\" data-vp-next-page-url=\"https:\/\/arhitekta.co.rs\/en\/wp-json\/wp\/v2\/posts\/29086?vp_page=2\" data-vp-tiles-type=\"3|1,2|2,0.5|1,1|1,2|2,0.5|\" >\n\t<div class=\"vp-portfolio__preloader-wrap\">\n\t\t<div class=\"vp-portfolio__preloader\">\n\t\t\t<img decoding=\"async\" loading=\"eager\" src=\"https:\/\/arhitekta.co.rs\/en\/wp-content\/plugins\/visual-portfolio\/assets\/images\/logo-dark.svg\" alt=\"Visual Portfolio, Posts &amp; Image Gallery for WordPress\" width=\"20\" height=\"20\" data-skip-lazy>\n\t\t<\/div>\n\t<\/div>\n\t\t<div class=\"vp-portfolio__items-wrap\">\n\t\t\t\n<div class=\"vp-portfolio__items vp-portfolio__items-style-default vp-portfolio__items-show-overlay-hover\">\n\n\t\t<div\t\tclass=\"vp-portfolio__item-wrap vp-portfolio__item-uid-4ca10d19\" data-vp-filter=\"\" \t\t>\n\t\t\t<template class=\"vp-portfolio__item-popup\" style=\"display: none\" data-vp-popup-img=\"https:\/\/arhitekta.co.rs\/en\/wp-content\/uploads\/2025\/04\/01-big-architecture-festival-2024-klemen-krzic.jpg\" data-vp-popup-img-srcset=\"https:\/\/arhitekta.co.rs\/en\/wp-content\/uploads\/2025\/04\/01-big-architecture-festival-2024-klemen-krzic.jpg 1100w, https:\/\/arhitekta.co.rs\/en\/wp-content\/uploads\/2025\/04\/01-big-architecture-festival-2024-klemen-krzic-1000x648.jpg 1000w, https:\/\/arhitekta.co.rs\/en\/wp-content\/uploads\/2025\/04\/01-big-architecture-festival-2024-klemen-krzic-768x498.jpg 768w, https:\/\/arhitekta.co.rs\/en\/wp-content\/uploads\/2025\/04\/01-big-architecture-festival-2024-klemen-krzic-500x324.jpg 500w, https:\/\/arhitekta.co.rs\/en\/wp-content\/uploads\/2025\/04\/01-big-architecture-festival-2024-klemen-krzic-800x519.jpg 800w, https:\/\/arhitekta.co.rs\/en\/wp-content\/uploads\/2025\/04\/01-big-architecture-festival-2024-klemen-krzic-685x444.jpg 685w, https:\/\/arhitekta.co.rs\/en\/wp-content\/uploads\/2025\/04\/01-big-architecture-festival-2024-klemen-krzic-446x289.jpg 446w, https:\/\/arhitekta.co.rs\/en\/wp-content\/uploads\/2025\/04\/01-big-architecture-festival-2024-klemen-krzic-327x212.jpg 327w, https:\/\/arhitekta.co.rs\/en\/wp-content\/uploads\/2025\/04\/01-big-architecture-festival-2024-klemen-krzic-600x389.jpg 600w\" data-vp-popup-img-size=\"1100x713\" data-vp-popup-md-img=\"https:\/\/arhitekta.co.rs\/en\/wp-content\/uploads\/2025\/04\/01-big-architecture-festival-2024-klemen-krzic-800x519.jpg\" data-vp-popup-md-img-size=\"800x519\" data-vp-popup-sm-img=\"https:\/\/arhitekta.co.rs\/en\/wp-content\/uploads\/2025\/04\/01-big-architecture-festival-2024-klemen-krzic-500x324.jpg\" data-vp-popup-sm-img-size=\"500x324\">\n\t<\/template>\n\t\t\t\t\t\t<figure class=\"vp-portfolio__item\">\n\t\t\t\t\n<div class=\"vp-portfolio__item-img-wrap\">\n\t<div class=\"vp-portfolio__item-img\">\n\t\t\t<a\n\t\thref=\"https:\/\/arhitekta.co.rs\/en\/wp-content\/uploads\/2025\/04\/01-big-architecture-festival-2024-klemen-krzic.jpg\"\n\t\taria-label=\"Open image\" \t>\n\t\n\t\t<noscript><img loading=\"lazy\" decoding=\"async\" width=\"1100\" height=\"713\" data-skip-lazy src=\"https:\/\/arhitekta.co.rs\/en\/wp-content\/uploads\/2025\/04\/01-big-architecture-festival-2024-klemen-krzic.jpg\" class=\"wp-image-29091\" alt=\"\" srcset=\"https:\/\/arhitekta.co.rs\/en\/wp-content\/uploads\/2025\/04\/01-big-architecture-festival-2024-klemen-krzic.jpg 1100w, https:\/\/arhitekta.co.rs\/en\/wp-content\/uploads\/2025\/04\/01-big-architecture-festival-2024-klemen-krzic-1000x648.jpg 1000w, https:\/\/arhitekta.co.rs\/en\/wp-content\/uploads\/2025\/04\/01-big-architecture-festival-2024-klemen-krzic-768x498.jpg 768w, https:\/\/arhitekta.co.rs\/en\/wp-content\/uploads\/2025\/04\/01-big-architecture-festival-2024-klemen-krzic-500x324.jpg 500w, https:\/\/arhitekta.co.rs\/en\/wp-content\/uploads\/2025\/04\/01-big-architecture-festival-2024-klemen-krzic-800x519.jpg 800w, https:\/\/arhitekta.co.rs\/en\/wp-content\/uploads\/2025\/04\/01-big-architecture-festival-2024-klemen-krzic-685x444.jpg 685w, https:\/\/arhitekta.co.rs\/en\/wp-content\/uploads\/2025\/04\/01-big-architecture-festival-2024-klemen-krzic-446x289.jpg 446w, https:\/\/arhitekta.co.rs\/en\/wp-content\/uploads\/2025\/04\/01-big-architecture-festival-2024-klemen-krzic-327x212.jpg 327w, https:\/\/arhitekta.co.rs\/en\/wp-content\/uploads\/2025\/04\/01-big-architecture-festival-2024-klemen-krzic-600x389.jpg 600w\" sizes=\"auto, (max-width: 1100px) 100vw, 1100px\" \/><\/noscript><img fetchpriority=\"high\" decoding=\"async\" width=\"1100\" height=\"713\" src=\"https:\/\/arhitekta.co.rs\/en\/wp-content\/uploads\/2025\/04\/01-big-architecture-festival-2024-klemen-krzic.jpg\" class=\"wp-image-29091 vp-lazyload\" alt srcset=\"data:image\/svg+xml;base64,PHN2ZyB3aWR0aD0iMTEwMCIgaGVpZ2h0PSI3MTMiIHZpZXdCb3g9IjAgMCAxMTAwIDcxMyIgZmlsbD0ibm9uZSIgeG1sbnM9Imh0dHA6Ly93d3cudzMub3JnLzIwMDAvc3ZnIj48L3N2Zz4=\" data-src=\"https:\/\/arhitekta.co.rs\/en\/wp-content\/uploads\/2025\/04\/01-big-architecture-festival-2024-klemen-krzic.jpg\" data-srcset=\"https:\/\/arhitekta.co.rs\/en\/wp-content\/uploads\/2025\/04\/01-big-architecture-festival-2024-klemen-krzic.jpg 1100w, https:\/\/arhitekta.co.rs\/en\/wp-content\/uploads\/2025\/04\/01-big-architecture-festival-2024-klemen-krzic-1000x648.jpg 1000w, https:\/\/arhitekta.co.rs\/en\/wp-content\/uploads\/2025\/04\/01-big-architecture-festival-2024-klemen-krzic-768x498.jpg 768w, https:\/\/arhitekta.co.rs\/en\/wp-content\/uploads\/2025\/04\/01-big-architecture-festival-2024-klemen-krzic-500x324.jpg 500w, https:\/\/arhitekta.co.rs\/en\/wp-content\/uploads\/2025\/04\/01-big-architecture-festival-2024-klemen-krzic-800x519.jpg 800w, https:\/\/arhitekta.co.rs\/en\/wp-content\/uploads\/2025\/04\/01-big-architecture-festival-2024-klemen-krzic-685x444.jpg 685w, https:\/\/arhitekta.co.rs\/en\/wp-content\/uploads\/2025\/04\/01-big-architecture-festival-2024-klemen-krzic-446x289.jpg 446w, https:\/\/arhitekta.co.rs\/en\/wp-content\/uploads\/2025\/04\/01-big-architecture-festival-2024-klemen-krzic-327x212.jpg 327w, https:\/\/arhitekta.co.rs\/en\/wp-content\/uploads\/2025\/04\/01-big-architecture-festival-2024-klemen-krzic-600x389.jpg 600w\" data-sizes=\"auto\" loading=\"eager\">\n\t\t<div class=\"vp-portfolio__item-overlay\">\n\t\t\t\t\t<\/div>\n\n\t\t<\/a>\t<\/div>\n<\/div>\n\n\t\t\t<\/figure>\n\t\t\t\t\t<\/div>\n\t\t\n\t\t<div\t\tclass=\"vp-portfolio__item-wrap vp-portfolio__item-uid-20fa3f54\" data-vp-filter=\"\" \t\t>\n\t\t\t<template class=\"vp-portfolio__item-popup\" style=\"display: none\" data-vp-popup-img=\"https:\/\/arhitekta.co.rs\/en\/wp-content\/uploads\/2025\/04\/02-big-architecture-festival-2024-klemen-krzic.jpg\" data-vp-popup-img-srcset=\"https:\/\/arhitekta.co.rs\/en\/wp-content\/uploads\/2025\/04\/02-big-architecture-festival-2024-klemen-krzic.jpg 990w, https:\/\/arhitekta.co.rs\/en\/wp-content\/uploads\/2025\/04\/02-big-architecture-festival-2024-klemen-krzic-768x465.jpg 768w, https:\/\/arhitekta.co.rs\/en\/wp-content\/uploads\/2025\/04\/02-big-architecture-festival-2024-klemen-krzic-500x303.jpg 500w, https:\/\/arhitekta.co.rs\/en\/wp-content\/uploads\/2025\/04\/02-big-architecture-festival-2024-klemen-krzic-800x485.jpg 800w, https:\/\/arhitekta.co.rs\/en\/wp-content\/uploads\/2025\/04\/02-big-architecture-festival-2024-klemen-krzic-685x415.jpg 685w, https:\/\/arhitekta.co.rs\/en\/wp-content\/uploads\/2025\/04\/02-big-architecture-festival-2024-klemen-krzic-446x270.jpg 446w, https:\/\/arhitekta.co.rs\/en\/wp-content\/uploads\/2025\/04\/02-big-architecture-festival-2024-klemen-krzic-327x198.jpg 327w, https:\/\/arhitekta.co.rs\/en\/wp-content\/uploads\/2025\/04\/02-big-architecture-festival-2024-klemen-krzic-600x364.jpg 600w\" data-vp-popup-img-size=\"990x600\" data-vp-popup-md-img=\"https:\/\/arhitekta.co.rs\/en\/wp-content\/uploads\/2025\/04\/02-big-architecture-festival-2024-klemen-krzic-800x485.jpg\" data-vp-popup-md-img-size=\"800x485\" data-vp-popup-sm-img=\"https:\/\/arhitekta.co.rs\/en\/wp-content\/uploads\/2025\/04\/02-big-architecture-festival-2024-klemen-krzic-500x303.jpg\" data-vp-popup-sm-img-size=\"500x303\">\n\t<\/template>\n\t\t\t\t\t\t<figure class=\"vp-portfolio__item\">\n\t\t\t\t\n<div class=\"vp-portfolio__item-img-wrap\">\n\t<div class=\"vp-portfolio__item-img\">\n\t\t\t<a\n\t\thref=\"https:\/\/arhitekta.co.rs\/en\/wp-content\/uploads\/2025\/04\/02-big-architecture-festival-2024-klemen-krzic.jpg\"\n\t\taria-label=\"Open image\" \t>\n\t\n\t\t<noscript><img loading=\"lazy\" decoding=\"async\" width=\"990\" height=\"600\" data-skip-lazy src=\"https:\/\/arhitekta.co.rs\/en\/wp-content\/uploads\/2025\/04\/02-big-architecture-festival-2024-klemen-krzic.jpg\" class=\"wp-image-29100\" alt=\"\" srcset=\"https:\/\/arhitekta.co.rs\/en\/wp-content\/uploads\/2025\/04\/02-big-architecture-festival-2024-klemen-krzic.jpg 990w, https:\/\/arhitekta.co.rs\/en\/wp-content\/uploads\/2025\/04\/02-big-architecture-festival-2024-klemen-krzic-768x465.jpg 768w, https:\/\/arhitekta.co.rs\/en\/wp-content\/uploads\/2025\/04\/02-big-architecture-festival-2024-klemen-krzic-500x303.jpg 500w, https:\/\/arhitekta.co.rs\/en\/wp-content\/uploads\/2025\/04\/02-big-architecture-festival-2024-klemen-krzic-800x485.jpg 800w, https:\/\/arhitekta.co.rs\/en\/wp-content\/uploads\/2025\/04\/02-big-architecture-festival-2024-klemen-krzic-685x415.jpg 685w, https:\/\/arhitekta.co.rs\/en\/wp-content\/uploads\/2025\/04\/02-big-architecture-festival-2024-klemen-krzic-446x270.jpg 446w, https:\/\/arhitekta.co.rs\/en\/wp-content\/uploads\/2025\/04\/02-big-architecture-festival-2024-klemen-krzic-327x198.jpg 327w, https:\/\/arhitekta.co.rs\/en\/wp-content\/uploads\/2025\/04\/02-big-architecture-festival-2024-klemen-krzic-600x364.jpg 600w\" sizes=\"auto, (max-width: 990px) 100vw, 990px\" \/><\/noscript><img decoding=\"async\" width=\"990\" height=\"600\" src=\"https:\/\/arhitekta.co.rs\/en\/wp-content\/uploads\/2025\/04\/02-big-architecture-festival-2024-klemen-krzic.jpg\" class=\"wp-image-29100 vp-lazyload\" alt srcset=\"data:image\/svg+xml;base64,PHN2ZyB3aWR0aD0iOTkwIiBoZWlnaHQ9IjYwMCIgdmlld0JveD0iMCAwIDk5MCA2MDAiIGZpbGw9Im5vbmUiIHhtbG5zPSJodHRwOi8vd3d3LnczLm9yZy8yMDAwL3N2ZyI+PC9zdmc+\" data-src=\"https:\/\/arhitekta.co.rs\/en\/wp-content\/uploads\/2025\/04\/02-big-architecture-festival-2024-klemen-krzic.jpg\" data-srcset=\"https:\/\/arhitekta.co.rs\/en\/wp-content\/uploads\/2025\/04\/02-big-architecture-festival-2024-klemen-krzic.jpg 990w, https:\/\/arhitekta.co.rs\/en\/wp-content\/uploads\/2025\/04\/02-big-architecture-festival-2024-klemen-krzic-768x465.jpg 768w, https:\/\/arhitekta.co.rs\/en\/wp-content\/uploads\/2025\/04\/02-big-architecture-festival-2024-klemen-krzic-500x303.jpg 500w, https:\/\/arhitekta.co.rs\/en\/wp-content\/uploads\/2025\/04\/02-big-architecture-festival-2024-klemen-krzic-800x485.jpg 800w, https:\/\/arhitekta.co.rs\/en\/wp-content\/uploads\/2025\/04\/02-big-architecture-festival-2024-klemen-krzic-685x415.jpg 685w, https:\/\/arhitekta.co.rs\/en\/wp-content\/uploads\/2025\/04\/02-big-architecture-festival-2024-klemen-krzic-446x270.jpg 446w, https:\/\/arhitekta.co.rs\/en\/wp-content\/uploads\/2025\/04\/02-big-architecture-festival-2024-klemen-krzic-327x198.jpg 327w, https:\/\/arhitekta.co.rs\/en\/wp-content\/uploads\/2025\/04\/02-big-architecture-festival-2024-klemen-krzic-600x364.jpg 600w\" data-sizes=\"auto\" loading=\"eager\">\n\t\t<div class=\"vp-portfolio__item-overlay\">\n\t\t\t\t\t<\/div>\n\n\t\t<\/a>\t<\/div>\n<\/div>\n\n\t\t\t<\/figure>\n\t\t\t\t\t<\/div>\n\t\t\n\t\t<div\t\tclass=\"vp-portfolio__item-wrap vp-portfolio__item-uid-d1697d6c\" data-vp-filter=\"\" \t\t>\n\t\t\t<template class=\"vp-portfolio__item-popup\" style=\"display: none\" data-vp-popup-img=\"https:\/\/arhitekta.co.rs\/en\/wp-content\/uploads\/2025\/04\/03-big-architecture-festival-2024-klemen-krzic.jpg\" data-vp-popup-img-srcset=\"https:\/\/arhitekta.co.rs\/en\/wp-content\/uploads\/2025\/04\/03-big-architecture-festival-2024-klemen-krzic.jpg 1126w, https:\/\/arhitekta.co.rs\/en\/wp-content\/uploads\/2025\/04\/03-big-architecture-festival-2024-klemen-krzic-1000x533.jpg 1000w, https:\/\/arhitekta.co.rs\/en\/wp-content\/uploads\/2025\/04\/03-big-architecture-festival-2024-klemen-krzic-768x409.jpg 768w, https:\/\/arhitekta.co.rs\/en\/wp-content\/uploads\/2025\/04\/03-big-architecture-festival-2024-klemen-krzic-500x266.jpg 500w, https:\/\/arhitekta.co.rs\/en\/wp-content\/uploads\/2025\/04\/03-big-architecture-festival-2024-klemen-krzic-800x426.jpg 800w, https:\/\/arhitekta.co.rs\/en\/wp-content\/uploads\/2025\/04\/03-big-architecture-festival-2024-klemen-krzic-685x365.jpg 685w, https:\/\/arhitekta.co.rs\/en\/wp-content\/uploads\/2025\/04\/03-big-architecture-festival-2024-klemen-krzic-446x238.jpg 446w, https:\/\/arhitekta.co.rs\/en\/wp-content\/uploads\/2025\/04\/03-big-architecture-festival-2024-klemen-krzic-327x174.jpg 327w, https:\/\/arhitekta.co.rs\/en\/wp-content\/uploads\/2025\/04\/03-big-architecture-festival-2024-klemen-krzic-600x320.jpg 600w\" data-vp-popup-img-size=\"1126x600\" data-vp-popup-md-img=\"https:\/\/arhitekta.co.rs\/en\/wp-content\/uploads\/2025\/04\/03-big-architecture-festival-2024-klemen-krzic-800x426.jpg\" data-vp-popup-md-img-size=\"800x426\" data-vp-popup-sm-img=\"https:\/\/arhitekta.co.rs\/en\/wp-content\/uploads\/2025\/04\/03-big-architecture-festival-2024-klemen-krzic-500x266.jpg\" data-vp-popup-sm-img-size=\"500x266\">\n\t<\/template>\n\t\t\t\t\t\t<figure class=\"vp-portfolio__item\">\n\t\t\t\t\n<div class=\"vp-portfolio__item-img-wrap\">\n\t<div class=\"vp-portfolio__item-img\">\n\t\t\t<a\n\t\thref=\"https:\/\/arhitekta.co.rs\/en\/wp-content\/uploads\/2025\/04\/03-big-architecture-festival-2024-klemen-krzic.jpg\"\n\t\taria-label=\"Open image\" \t>\n\t\n\t\t<noscript><img loading=\"lazy\" decoding=\"async\" width=\"1126\" height=\"600\" data-skip-lazy src=\"https:\/\/arhitekta.co.rs\/en\/wp-content\/uploads\/2025\/04\/03-big-architecture-festival-2024-klemen-krzic.jpg\" class=\"wp-image-29101\" alt=\"\" srcset=\"https:\/\/arhitekta.co.rs\/en\/wp-content\/uploads\/2025\/04\/03-big-architecture-festival-2024-klemen-krzic.jpg 1126w, https:\/\/arhitekta.co.rs\/en\/wp-content\/uploads\/2025\/04\/03-big-architecture-festival-2024-klemen-krzic-1000x533.jpg 1000w, https:\/\/arhitekta.co.rs\/en\/wp-content\/uploads\/2025\/04\/03-big-architecture-festival-2024-klemen-krzic-768x409.jpg 768w, https:\/\/arhitekta.co.rs\/en\/wp-content\/uploads\/2025\/04\/03-big-architecture-festival-2024-klemen-krzic-500x266.jpg 500w, https:\/\/arhitekta.co.rs\/en\/wp-content\/uploads\/2025\/04\/03-big-architecture-festival-2024-klemen-krzic-800x426.jpg 800w, https:\/\/arhitekta.co.rs\/en\/wp-content\/uploads\/2025\/04\/03-big-architecture-festival-2024-klemen-krzic-685x365.jpg 685w, https:\/\/arhitekta.co.rs\/en\/wp-content\/uploads\/2025\/04\/03-big-architecture-festival-2024-klemen-krzic-446x238.jpg 446w, https:\/\/arhitekta.co.rs\/en\/wp-content\/uploads\/2025\/04\/03-big-architecture-festival-2024-klemen-krzic-327x174.jpg 327w, https:\/\/arhitekta.co.rs\/en\/wp-content\/uploads\/2025\/04\/03-big-architecture-festival-2024-klemen-krzic-600x320.jpg 600w\" sizes=\"auto, (max-width: 1126px) 100vw, 1126px\" \/><\/noscript><img decoding=\"async\" width=\"1126\" height=\"600\" src=\"https:\/\/arhitekta.co.rs\/en\/wp-content\/uploads\/2025\/04\/03-big-architecture-festival-2024-klemen-krzic.jpg\" class=\"wp-image-29101 vp-lazyload\" alt srcset=\"data:image\/svg+xml;base64,PHN2ZyB3aWR0aD0iMTEyNiIgaGVpZ2h0PSI2MDAiIHZpZXdCb3g9IjAgMCAxMTI2IDYwMCIgZmlsbD0ibm9uZSIgeG1sbnM9Imh0dHA6Ly93d3cudzMub3JnLzIwMDAvc3ZnIj48L3N2Zz4=\" data-src=\"https:\/\/arhitekta.co.rs\/en\/wp-content\/uploads\/2025\/04\/03-big-architecture-festival-2024-klemen-krzic.jpg\" data-srcset=\"https:\/\/arhitekta.co.rs\/en\/wp-content\/uploads\/2025\/04\/03-big-architecture-festival-2024-klemen-krzic.jpg 1126w, https:\/\/arhitekta.co.rs\/en\/wp-content\/uploads\/2025\/04\/03-big-architecture-festival-2024-klemen-krzic-1000x533.jpg 1000w, https:\/\/arhitekta.co.rs\/en\/wp-content\/uploads\/2025\/04\/03-big-architecture-festival-2024-klemen-krzic-768x409.jpg 768w, https:\/\/arhitekta.co.rs\/en\/wp-content\/uploads\/2025\/04\/03-big-architecture-festival-2024-klemen-krzic-500x266.jpg 500w, https:\/\/arhitekta.co.rs\/en\/wp-content\/uploads\/2025\/04\/03-big-architecture-festival-2024-klemen-krzic-800x426.jpg 800w, https:\/\/arhitekta.co.rs\/en\/wp-content\/uploads\/2025\/04\/03-big-architecture-festival-2024-klemen-krzic-685x365.jpg 685w, https:\/\/arhitekta.co.rs\/en\/wp-content\/uploads\/2025\/04\/03-big-architecture-festival-2024-klemen-krzic-446x238.jpg 446w, https:\/\/arhitekta.co.rs\/en\/wp-content\/uploads\/2025\/04\/03-big-architecture-festival-2024-klemen-krzic-327x174.jpg 327w, https:\/\/arhitekta.co.rs\/en\/wp-content\/uploads\/2025\/04\/03-big-architecture-festival-2024-klemen-krzic-600x320.jpg 600w\" data-sizes=\"auto\" loading=\"eager\">\n\t\t<div class=\"vp-portfolio__item-overlay\">\n\t\t\t\t\t<\/div>\n\n\t\t<\/a>\t<\/div>\n<\/div>\n\n\t\t\t<\/figure>\n\t\t\t\t\t<\/div>\n\t\t\n\t\t<div\t\tclass=\"vp-portfolio__item-wrap vp-portfolio__item-uid-833cff73\" data-vp-filter=\"\" \t\t>\n\t\t\t<template class=\"vp-portfolio__item-popup\" style=\"display: none\" data-vp-popup-img=\"https:\/\/arhitekta.co.rs\/en\/wp-content\/uploads\/2025\/04\/04-big-architecture-festival-2024-klemen-krzic.jpg\" data-vp-popup-img-srcset=\"https:\/\/arhitekta.co.rs\/en\/wp-content\/uploads\/2025\/04\/04-big-architecture-festival-2024-klemen-krzic.jpg 900w, https:\/\/arhitekta.co.rs\/en\/wp-content\/uploads\/2025\/04\/04-big-architecture-festival-2024-klemen-krzic-768x512.jpg 768w, https:\/\/arhitekta.co.rs\/en\/wp-content\/uploads\/2025\/04\/04-big-architecture-festival-2024-klemen-krzic-500x333.jpg 500w, https:\/\/arhitekta.co.rs\/en\/wp-content\/uploads\/2025\/04\/04-big-architecture-festival-2024-klemen-krzic-800x533.jpg 800w, https:\/\/arhitekta.co.rs\/en\/wp-content\/uploads\/2025\/04\/04-big-architecture-festival-2024-klemen-krzic-685x457.jpg 685w, https:\/\/arhitekta.co.rs\/en\/wp-content\/uploads\/2025\/04\/04-big-architecture-festival-2024-klemen-krzic-446x297.jpg 446w, https:\/\/arhitekta.co.rs\/en\/wp-content\/uploads\/2025\/04\/04-big-architecture-festival-2024-klemen-krzic-327x218.jpg 327w, https:\/\/arhitekta.co.rs\/en\/wp-content\/uploads\/2025\/04\/04-big-architecture-festival-2024-klemen-krzic-600x400.jpg 600w\" data-vp-popup-img-size=\"900x600\" data-vp-popup-md-img=\"https:\/\/arhitekta.co.rs\/en\/wp-content\/uploads\/2025\/04\/04-big-architecture-festival-2024-klemen-krzic-800x533.jpg\" data-vp-popup-md-img-size=\"800x533\" data-vp-popup-sm-img=\"https:\/\/arhitekta.co.rs\/en\/wp-content\/uploads\/2025\/04\/04-big-architecture-festival-2024-klemen-krzic-500x333.jpg\" data-vp-popup-sm-img-size=\"500x333\">\n\t<\/template>\n\t\t\t\t\t\t<figure class=\"vp-portfolio__item\">\n\t\t\t\t\n<div class=\"vp-portfolio__item-img-wrap\">\n\t<div class=\"vp-portfolio__item-img\">\n\t\t\t<a\n\t\thref=\"https:\/\/arhitekta.co.rs\/en\/wp-content\/uploads\/2025\/04\/04-big-architecture-festival-2024-klemen-krzic.jpg\"\n\t\taria-label=\"Open image\" \t>\n\t\n\t\t<noscript><img loading=\"lazy\" decoding=\"async\" width=\"900\" height=\"600\" data-skip-lazy src=\"https:\/\/arhitekta.co.rs\/en\/wp-content\/uploads\/2025\/04\/04-big-architecture-festival-2024-klemen-krzic.jpg\" class=\"wp-image-29102\" alt=\"\" srcset=\"https:\/\/arhitekta.co.rs\/en\/wp-content\/uploads\/2025\/04\/04-big-architecture-festival-2024-klemen-krzic.jpg 900w, https:\/\/arhitekta.co.rs\/en\/wp-content\/uploads\/2025\/04\/04-big-architecture-festival-2024-klemen-krzic-768x512.jpg 768w, https:\/\/arhitekta.co.rs\/en\/wp-content\/uploads\/2025\/04\/04-big-architecture-festival-2024-klemen-krzic-500x333.jpg 500w, https:\/\/arhitekta.co.rs\/en\/wp-content\/uploads\/2025\/04\/04-big-architecture-festival-2024-klemen-krzic-800x533.jpg 800w, https:\/\/arhitekta.co.rs\/en\/wp-content\/uploads\/2025\/04\/04-big-architecture-festival-2024-klemen-krzic-685x457.jpg 685w, https:\/\/arhitekta.co.rs\/en\/wp-content\/uploads\/2025\/04\/04-big-architecture-festival-2024-klemen-krzic-446x297.jpg 446w, https:\/\/arhitekta.co.rs\/en\/wp-content\/uploads\/2025\/04\/04-big-architecture-festival-2024-klemen-krzic-327x218.jpg 327w, https:\/\/arhitekta.co.rs\/en\/wp-content\/uploads\/2025\/04\/04-big-architecture-festival-2024-klemen-krzic-600x400.jpg 600w\" sizes=\"auto, (max-width: 900px) 100vw, 900px\" \/><\/noscript><img decoding=\"async\" width=\"900\" height=\"600\" src=\"https:\/\/arhitekta.co.rs\/en\/wp-content\/uploads\/2025\/04\/04-big-architecture-festival-2024-klemen-krzic.jpg\" class=\"wp-image-29102 vp-lazyload\" alt srcset=\"data:image\/svg+xml;base64,PHN2ZyB3aWR0aD0iOTAwIiBoZWlnaHQ9IjYwMCIgdmlld0JveD0iMCAwIDkwMCA2MDAiIGZpbGw9Im5vbmUiIHhtbG5zPSJodHRwOi8vd3d3LnczLm9yZy8yMDAwL3N2ZyI+PC9zdmc+\" data-src=\"https:\/\/arhitekta.co.rs\/en\/wp-content\/uploads\/2025\/04\/04-big-architecture-festival-2024-klemen-krzic.jpg\" data-srcset=\"https:\/\/arhitekta.co.rs\/en\/wp-content\/uploads\/2025\/04\/04-big-architecture-festival-2024-klemen-krzic.jpg 900w, https:\/\/arhitekta.co.rs\/en\/wp-content\/uploads\/2025\/04\/04-big-architecture-festival-2024-klemen-krzic-768x512.jpg 768w, https:\/\/arhitekta.co.rs\/en\/wp-content\/uploads\/2025\/04\/04-big-architecture-festival-2024-klemen-krzic-500x333.jpg 500w, https:\/\/arhitekta.co.rs\/en\/wp-content\/uploads\/2025\/04\/04-big-architecture-festival-2024-klemen-krzic-800x533.jpg 800w, https:\/\/arhitekta.co.rs\/en\/wp-content\/uploads\/2025\/04\/04-big-architecture-festival-2024-klemen-krzic-685x457.jpg 685w, https:\/\/arhitekta.co.rs\/en\/wp-content\/uploads\/2025\/04\/04-big-architecture-festival-2024-klemen-krzic-446x297.jpg 446w, https:\/\/arhitekta.co.rs\/en\/wp-content\/uploads\/2025\/04\/04-big-architecture-festival-2024-klemen-krzic-327x218.jpg 327w, https:\/\/arhitekta.co.rs\/en\/wp-content\/uploads\/2025\/04\/04-big-architecture-festival-2024-klemen-krzic-600x400.jpg 600w\" data-sizes=\"auto\" loading=\"eager\">\n\t\t<div class=\"vp-portfolio__item-overlay\">\n\t\t\t\t\t<\/div>\n\n\t\t<\/a>\t<\/div>\n<\/div>\n\n\t\t\t<\/figure>\n\t\t\t\t\t<\/div>\n\t\t\n\t\t<div\t\tclass=\"vp-portfolio__item-wrap vp-portfolio__item-uid-e93eff5d\" data-vp-filter=\"\" \t\t>\n\t\t\t<template class=\"vp-portfolio__item-popup\" style=\"display: none\" data-vp-popup-img=\"https:\/\/arhitekta.co.rs\/en\/wp-content\/uploads\/2025\/04\/05-big-architecture-festival-2024-klemen-krzic.jpg\" data-vp-popup-img-srcset=\"https:\/\/arhitekta.co.rs\/en\/wp-content\/uploads\/2025\/04\/05-big-architecture-festival-2024-klemen-krzic.jpg 900w, https:\/\/arhitekta.co.rs\/en\/wp-content\/uploads\/2025\/04\/05-big-architecture-festival-2024-klemen-krzic-768x512.jpg 768w, https:\/\/arhitekta.co.rs\/en\/wp-content\/uploads\/2025\/04\/05-big-architecture-festival-2024-klemen-krzic-500x333.jpg 500w, https:\/\/arhitekta.co.rs\/en\/wp-content\/uploads\/2025\/04\/05-big-architecture-festival-2024-klemen-krzic-800x533.jpg 800w, https:\/\/arhitekta.co.rs\/en\/wp-content\/uploads\/2025\/04\/05-big-architecture-festival-2024-klemen-krzic-685x457.jpg 685w, https:\/\/arhitekta.co.rs\/en\/wp-content\/uploads\/2025\/04\/05-big-architecture-festival-2024-klemen-krzic-446x297.jpg 446w, https:\/\/arhitekta.co.rs\/en\/wp-content\/uploads\/2025\/04\/05-big-architecture-festival-2024-klemen-krzic-327x218.jpg 327w, https:\/\/arhitekta.co.rs\/en\/wp-content\/uploads\/2025\/04\/05-big-architecture-festival-2024-klemen-krzic-600x400.jpg 600w\" data-vp-popup-img-size=\"900x600\" data-vp-popup-md-img=\"https:\/\/arhitekta.co.rs\/en\/wp-content\/uploads\/2025\/04\/05-big-architecture-festival-2024-klemen-krzic-800x533.jpg\" data-vp-popup-md-img-size=\"800x533\" data-vp-popup-sm-img=\"https:\/\/arhitekta.co.rs\/en\/wp-content\/uploads\/2025\/04\/05-big-architecture-festival-2024-klemen-krzic-500x333.jpg\" data-vp-popup-sm-img-size=\"500x333\">\n\t<\/template>\n\t\t\t\t\t\t<figure class=\"vp-portfolio__item\">\n\t\t\t\t\n<div class=\"vp-portfolio__item-img-wrap\">\n\t<div class=\"vp-portfolio__item-img\">\n\t\t\t<a\n\t\thref=\"https:\/\/arhitekta.co.rs\/en\/wp-content\/uploads\/2025\/04\/05-big-architecture-festival-2024-klemen-krzic.jpg\"\n\t\taria-label=\"Open image\" \t>\n\t\n\t\t<noscript><img loading=\"lazy\" decoding=\"async\" width=\"900\" height=\"600\" data-skip-lazy src=\"https:\/\/arhitekta.co.rs\/en\/wp-content\/uploads\/2025\/04\/05-big-architecture-festival-2024-klemen-krzic.jpg\" class=\"wp-image-29103\" alt=\"\" srcset=\"https:\/\/arhitekta.co.rs\/en\/wp-content\/uploads\/2025\/04\/05-big-architecture-festival-2024-klemen-krzic.jpg 900w, https:\/\/arhitekta.co.rs\/en\/wp-content\/uploads\/2025\/04\/05-big-architecture-festival-2024-klemen-krzic-768x512.jpg 768w, https:\/\/arhitekta.co.rs\/en\/wp-content\/uploads\/2025\/04\/05-big-architecture-festival-2024-klemen-krzic-500x333.jpg 500w, https:\/\/arhitekta.co.rs\/en\/wp-content\/uploads\/2025\/04\/05-big-architecture-festival-2024-klemen-krzic-800x533.jpg 800w, https:\/\/arhitekta.co.rs\/en\/wp-content\/uploads\/2025\/04\/05-big-architecture-festival-2024-klemen-krzic-685x457.jpg 685w, https:\/\/arhitekta.co.rs\/en\/wp-content\/uploads\/2025\/04\/05-big-architecture-festival-2024-klemen-krzic-446x297.jpg 446w, https:\/\/arhitekta.co.rs\/en\/wp-content\/uploads\/2025\/04\/05-big-architecture-festival-2024-klemen-krzic-327x218.jpg 327w, https:\/\/arhitekta.co.rs\/en\/wp-content\/uploads\/2025\/04\/05-big-architecture-festival-2024-klemen-krzic-600x400.jpg 600w\" sizes=\"auto, (max-width: 900px) 100vw, 900px\" \/><\/noscript><img decoding=\"async\" width=\"900\" height=\"600\" src=\"https:\/\/arhitekta.co.rs\/en\/wp-content\/uploads\/2025\/04\/05-big-architecture-festival-2024-klemen-krzic.jpg\" class=\"wp-image-29103 vp-lazyload\" alt srcset=\"data:image\/svg+xml;base64,PHN2ZyB3aWR0aD0iOTAwIiBoZWlnaHQ9IjYwMCIgdmlld0JveD0iMCAwIDkwMCA2MDAiIGZpbGw9Im5vbmUiIHhtbG5zPSJodHRwOi8vd3d3LnczLm9yZy8yMDAwL3N2ZyI+PC9zdmc+\" data-src=\"https:\/\/arhitekta.co.rs\/en\/wp-content\/uploads\/2025\/04\/05-big-architecture-festival-2024-klemen-krzic.jpg\" data-srcset=\"https:\/\/arhitekta.co.rs\/en\/wp-content\/uploads\/2025\/04\/05-big-architecture-festival-2024-klemen-krzic.jpg 900w, https:\/\/arhitekta.co.rs\/en\/wp-content\/uploads\/2025\/04\/05-big-architecture-festival-2024-klemen-krzic-768x512.jpg 768w, https:\/\/arhitekta.co.rs\/en\/wp-content\/uploads\/2025\/04\/05-big-architecture-festival-2024-klemen-krzic-500x333.jpg 500w, https:\/\/arhitekta.co.rs\/en\/wp-content\/uploads\/2025\/04\/05-big-architecture-festival-2024-klemen-krzic-800x533.jpg 800w, https:\/\/arhitekta.co.rs\/en\/wp-content\/uploads\/2025\/04\/05-big-architecture-festival-2024-klemen-krzic-685x457.jpg 685w, https:\/\/arhitekta.co.rs\/en\/wp-content\/uploads\/2025\/04\/05-big-architecture-festival-2024-klemen-krzic-446x297.jpg 446w, https:\/\/arhitekta.co.rs\/en\/wp-content\/uploads\/2025\/04\/05-big-architecture-festival-2024-klemen-krzic-327x218.jpg 327w, https:\/\/arhitekta.co.rs\/en\/wp-content\/uploads\/2025\/04\/05-big-architecture-festival-2024-klemen-krzic-600x400.jpg 600w\" data-sizes=\"auto\" loading=\"eager\">\n\t\t<div class=\"vp-portfolio__item-overlay\">\n\t\t\t\t\t<\/div>\n\n\t\t<\/a>\t<\/div>\n<\/div>\n\n\t\t\t<\/figure>\n\t\t\t\t\t<\/div>\n\t\t\n<\/div>\n\t\t<\/div>\n\t\t\n<\/div>\n<\/p>\n<p><em>Photo: Domen Daj\u010dman, Klemen Kr\u017ei\u010d<\/em><\/div><\/div><\/div>\n","protected":false},"excerpt":{"rendered":"<p>A Visionary Platform for Innovation and \u201cCommon Sense\u201d in Architecture As one of the most influential architectural events in South-East Europe, the BIG Architecture Festival 2025 will bring together the leading voices in architecture and interior design from the region and beyond. Taking place on May 22\u201323 at the stunning coastal venue of Grando, Obala&#8230;<\/p>\n","protected":false},"author":1,"featured_media":29091,"comment_status":"closed","ping_status":"open","sticky":false,"template":"","format":"standard","meta":{"_exactmetrics_skip_tracking":false,"_vp_format_video_url":"","_vp_image_focal_point":[],"footnotes":""},"categories":[336,310],"tags":[399,487,486,490,489,488],"class_list":["post-29086","post","type-post","status-publish","format-standard","has-post-thumbnail","hentry","category-events","category-news","tag-architecture","tag-architecture-conference-2025","tag-big-see","tag-festival","tag-portoroz","tag-slovenia"],"yoast_head":"<!-- This site is optimized with the Yoast SEO plugin v28.1 - https:\/\/yoast.com\/product\/yoast-seo-wordpress\/ -->\n<title>BIG Architecture Festival 2025 - Arhitekta - architecture magazine<\/title>\n<meta name=\"description\" content=\"As one of the most influential architectural events in South-East Europe, the BIG Architecture Festival 2025 will bring together the leading voices in architecture and interior design from the region and beyond. Taking place on May 22\u201323 at the stunning coastal venue of Grando, Obala 10 in Portoro\u017e, Slovenia...\" \/>\n<meta name=\"robots\" content=\"index, follow, max-snippet:-1, max-image-preview:large, max-video-preview:-1\" \/>\n<link rel=\"canonical\" href=\"https:\/\/arhitekta.co.rs\/en\/events\/big-architecture-festival-2025\/\" \/>\n<meta property=\"og:locale\" content=\"en_US\" \/>\n<meta property=\"og:type\" content=\"article\" \/>\n<meta property=\"og:title\" content=\"BIG Architecture Festival 2025 - Arhitekta - architecture magazine\" \/>\n<meta property=\"og:description\" content=\"As one of the most influential architectural events in South-East Europe, the BIG Architecture Festival 2025 will bring together the leading voices in architecture and interior design from the region and beyond. Taking place on May 22\u201323 at the stunning coastal venue of Grando, Obala 10 in Portoro\u017e, Slovenia...\" \/>\n<meta property=\"og:url\" content=\"https:\/\/arhitekta.co.rs\/en\/events\/big-architecture-festival-2025\/\" \/>\n<meta property=\"og:site_name\" content=\"Arhitekta - architecture magazine\" \/>\n<meta property=\"article:publisher\" content=\"https:\/\/www.facebook.com\/ArhitektaCasopis\/\" \/>\n<meta property=\"article:published_time\" content=\"2025-04-15T12:23:27+00:00\" \/>\n<meta property=\"article:modified_time\" content=\"2025-04-15T13:44:32+00:00\" \/>\n<meta property=\"og:image\" content=\"https:\/\/arhitekta.co.rs\/en\/wp-content\/uploads\/2025\/04\/01-big-architecture-festival-2024-klemen-krzic.jpg\" \/>\n\t<meta property=\"og:image:width\" content=\"1100\" \/>\n\t<meta property=\"og:image:height\" content=\"713\" \/>\n\t<meta property=\"og:image:type\" content=\"image\/jpeg\" \/>\n<meta name=\"author\" content=\"admin\" \/>\n<meta name=\"twitter:card\" content=\"summary_large_image\" \/>\n<meta name=\"twitter:label1\" content=\"Written by\" \/>\n\t<meta name=\"twitter:data1\" content=\"admin\" \/>\n\t<meta name=\"twitter:label2\" content=\"Est. reading time\" \/>\n\t<meta name=\"twitter:data2\" content=\"5 minutes\" \/>\n<script type=\"application\/ld+json\" class=\"yoast-schema-graph\">{\"@context\":\"https:\\\/\\\/schema.org\",\"@graph\":[{\"@type\":\"Article\",\"@id\":\"https:\\\/\\\/arhitekta.co.rs\\\/en\\\/events\\\/big-architecture-festival-2025\\\/#article\",\"isPartOf\":{\"@id\":\"https:\\\/\\\/arhitekta.co.rs\\\/en\\\/events\\\/big-architecture-festival-2025\\\/\"},\"author\":{\"name\":\"admin\",\"@id\":\"https:\\\/\\\/arhitekta.co.rs\\\/en\\\/#\\\/schema\\\/person\\\/cbd35a5a8a859deaf44a3ad44d022a4b\"},\"headline\":\"BIG Architecture Festival 2025\",\"datePublished\":\"2025-04-15T12:23:27+00:00\",\"dateModified\":\"2025-04-15T13:44:32+00:00\",\"mainEntityOfPage\":{\"@id\":\"https:\\\/\\\/arhitekta.co.rs\\\/en\\\/events\\\/big-architecture-festival-2025\\\/\"},\"wordCount\":878,\"publisher\":{\"@id\":\"https:\\\/\\\/arhitekta.co.rs\\\/en\\\/#organization\"},\"image\":{\"@id\":\"https:\\\/\\\/arhitekta.co.rs\\\/en\\\/events\\\/big-architecture-festival-2025\\\/#primaryimage\"},\"thumbnailUrl\":\"https:\\\/\\\/arhitekta.co.rs\\\/en\\\/wp-content\\\/uploads\\\/2025\\\/04\\\/01-big-architecture-festival-2024-klemen-krzic.jpg\",\"keywords\":[\"architecture\",\"Architecture Conference 2025\",\"BIG SEE\",\"festival\",\"Portoro\u017e\",\"Slovenia\"],\"articleSection\":[\"Events\",\"News\"],\"inLanguage\":\"en-US\"},{\"@type\":\"WebPage\",\"@id\":\"https:\\\/\\\/arhitekta.co.rs\\\/en\\\/events\\\/big-architecture-festival-2025\\\/\",\"url\":\"https:\\\/\\\/arhitekta.co.rs\\\/en\\\/events\\\/big-architecture-festival-2025\\\/\",\"name\":\"BIG Architecture Festival 2025 - Arhitekta - architecture magazine\",\"isPartOf\":{\"@id\":\"https:\\\/\\\/arhitekta.co.rs\\\/en\\\/#website\"},\"primaryImageOfPage\":{\"@id\":\"https:\\\/\\\/arhitekta.co.rs\\\/en\\\/events\\\/big-architecture-festival-2025\\\/#primaryimage\"},\"image\":{\"@id\":\"https:\\\/\\\/arhitekta.co.rs\\\/en\\\/events\\\/big-architecture-festival-2025\\\/#primaryimage\"},\"thumbnailUrl\":\"https:\\\/\\\/arhitekta.co.rs\\\/en\\\/wp-content\\\/uploads\\\/2025\\\/04\\\/01-big-architecture-festival-2024-klemen-krzic.jpg\",\"datePublished\":\"2025-04-15T12:23:27+00:00\",\"dateModified\":\"2025-04-15T13:44:32+00:00\",\"description\":\"As one of the most influential architectural events in South-East Europe, the BIG Architecture Festival 2025 will bring together the leading voices in architecture and interior design from the region and beyond. Taking place on May 22\u201323 at the stunning coastal venue of Grando, Obala 10 in Portoro\u017e, Slovenia...\",\"breadcrumb\":{\"@id\":\"https:\\\/\\\/arhitekta.co.rs\\\/en\\\/events\\\/big-architecture-festival-2025\\\/#breadcrumb\"},\"inLanguage\":\"en-US\",\"potentialAction\":[{\"@type\":\"ReadAction\",\"target\":[\"https:\\\/\\\/arhitekta.co.rs\\\/en\\\/events\\\/big-architecture-festival-2025\\\/\"]}]},{\"@type\":\"ImageObject\",\"inLanguage\":\"en-US\",\"@id\":\"https:\\\/\\\/arhitekta.co.rs\\\/en\\\/events\\\/big-architecture-festival-2025\\\/#primaryimage\",\"url\":\"https:\\\/\\\/arhitekta.co.rs\\\/en\\\/wp-content\\\/uploads\\\/2025\\\/04\\\/01-big-architecture-festival-2024-klemen-krzic.jpg\",\"contentUrl\":\"https:\\\/\\\/arhitekta.co.rs\\\/en\\\/wp-content\\\/uploads\\\/2025\\\/04\\\/01-big-architecture-festival-2024-klemen-krzic.jpg\",\"width\":1100,\"height\":713},{\"@type\":\"BreadcrumbList\",\"@id\":\"https:\\\/\\\/arhitekta.co.rs\\\/en\\\/events\\\/big-architecture-festival-2025\\\/#breadcrumb\",\"itemListElement\":[{\"@type\":\"ListItem\",\"position\":1,\"name\":\"\u041f\u043e\u0447\u0435\u0442\u043d\u0430\",\"item\":\"https:\\\/\\\/arhitekta.co.rs\\\/en\\\/\"},{\"@type\":\"ListItem\",\"position\":2,\"name\":\"BIG Architecture Festival 2025\"}]},{\"@type\":\"WebSite\",\"@id\":\"https:\\\/\\\/arhitekta.co.rs\\\/en\\\/#website\",\"url\":\"https:\\\/\\\/arhitekta.co.rs\\\/en\\\/\",\"name\":\"Arhitekta - architecture magazine\",\"description\":\"\",\"publisher\":{\"@id\":\"https:\\\/\\\/arhitekta.co.rs\\\/en\\\/#organization\"},\"potentialAction\":[{\"@type\":\"SearchAction\",\"target\":{\"@type\":\"EntryPoint\",\"urlTemplate\":\"https:\\\/\\\/arhitekta.co.rs\\\/en\\\/?s={search_term_string}\"},\"query-input\":{\"@type\":\"PropertyValueSpecification\",\"valueRequired\":true,\"valueName\":\"search_term_string\"}}],\"inLanguage\":\"en-US\"},{\"@type\":\"Organization\",\"@id\":\"https:\\\/\\\/arhitekta.co.rs\\\/en\\\/#organization\",\"name\":\"Arhitekta - architecture magazine\",\"url\":\"https:\\\/\\\/arhitekta.co.rs\\\/en\\\/\",\"logo\":{\"@type\":\"ImageObject\",\"inLanguage\":\"en-US\",\"@id\":\"https:\\\/\\\/arhitekta.co.rs\\\/en\\\/#\\\/schema\\\/logo\\\/image\\\/\",\"url\":\"https:\\\/\\\/arhitekta.co.rs\\\/en\\\/wp-content\\\/uploads\\\/2020\\\/06\\\/logo-black.png\",\"contentUrl\":\"https:\\\/\\\/arhitekta.co.rs\\\/en\\\/wp-content\\\/uploads\\\/2020\\\/06\\\/logo-black.png\",\"width\":648,\"height\":173,\"caption\":\"Arhitekta - architecture magazine\"},\"image\":{\"@id\":\"https:\\\/\\\/arhitekta.co.rs\\\/en\\\/#\\\/schema\\\/logo\\\/image\\\/\"},\"sameAs\":[\"https:\\\/\\\/www.facebook.com\\\/ArhitektaCasopis\\\/\",\"https:\\\/\\\/www.linkedin.com\\\/in\\\/arhitekta-casopis\\\/\",\"https:\\\/\\\/www.youtube.com\\\/@arhitekta-casopis\\\/podcasts\",\"https:\\\/\\\/podcasters.spotify.com\\\/pod\\\/show\\\/arhitekta-podcast\"]},{\"@type\":\"Person\",\"@id\":\"https:\\\/\\\/arhitekta.co.rs\\\/en\\\/#\\\/schema\\\/person\\\/cbd35a5a8a859deaf44a3ad44d022a4b\",\"name\":\"admin\",\"image\":{\"@type\":\"ImageObject\",\"inLanguage\":\"en-US\",\"@id\":\"https:\\\/\\\/secure.gravatar.com\\\/avatar\\\/9b05232474c4da96f7a39adc6124f5885a8c8bcdb9ca852ecc50292b55dd26f7?s=96&d=mm&r=g\",\"url\":\"https:\\\/\\\/secure.gravatar.com\\\/avatar\\\/9b05232474c4da96f7a39adc6124f5885a8c8bcdb9ca852ecc50292b55dd26f7?s=96&d=mm&r=g\",\"contentUrl\":\"https:\\\/\\\/secure.gravatar.com\\\/avatar\\\/9b05232474c4da96f7a39adc6124f5885a8c8bcdb9ca852ecc50292b55dd26f7?s=96&d=mm&r=g\",\"caption\":\"admin\"},\"url\":\"https:\\\/\\\/arhitekta.co.rs\\\/en\\\/author\\\/admin\\\/\"}]}<\/script>\n<!-- \/ Yoast SEO plugin. -->","yoast_head_json":{"title":"BIG Architecture Festival 2025 - Arhitekta - architecture magazine","description":"As one of the most influential architectural events in South-East Europe, the BIG Architecture Festival 2025 will bring together the leading voices in architecture and interior design from the region and beyond. Taking place on May 22\u201323 at the stunning coastal venue of Grando, Obala 10 in Portoro\u017e, Slovenia...","robots":{"index":"index","follow":"follow","max-snippet":"max-snippet:-1","max-image-preview":"max-image-preview:large","max-video-preview":"max-video-preview:-1"},"canonical":"https:\/\/arhitekta.co.rs\/en\/events\/big-architecture-festival-2025\/","og_locale":"en_US","og_type":"article","og_title":"BIG Architecture Festival 2025 - Arhitekta - architecture magazine","og_description":"As one of the most influential architectural events in South-East Europe, the BIG Architecture Festival 2025 will bring together the leading voices in architecture and interior design from the region and beyond. Taking place on May 22\u201323 at the stunning coastal venue of Grando, Obala 10 in Portoro\u017e, Slovenia...","og_url":"https:\/\/arhitekta.co.rs\/en\/events\/big-architecture-festival-2025\/","og_site_name":"Arhitekta - architecture magazine","article_publisher":"https:\/\/www.facebook.com\/ArhitektaCasopis\/","article_published_time":"2025-04-15T12:23:27+00:00","article_modified_time":"2025-04-15T13:44:32+00:00","og_image":[{"width":1100,"height":713,"url":"https:\/\/arhitekta.co.rs\/en\/wp-content\/uploads\/2025\/04\/01-big-architecture-festival-2024-klemen-krzic.jpg","type":"image\/jpeg"}],"author":"admin","twitter_card":"summary_large_image","twitter_misc":{"Written by":"admin","Est. reading time":"5 minutes"},"schema":{"@context":"https:\/\/schema.org","@graph":[{"@type":"Article","@id":"https:\/\/arhitekta.co.rs\/en\/events\/big-architecture-festival-2025\/#article","isPartOf":{"@id":"https:\/\/arhitekta.co.rs\/en\/events\/big-architecture-festival-2025\/"},"author":{"name":"admin","@id":"https:\/\/arhitekta.co.rs\/en\/#\/schema\/person\/cbd35a5a8a859deaf44a3ad44d022a4b"},"headline":"BIG Architecture Festival 2025","datePublished":"2025-04-15T12:23:27+00:00","dateModified":"2025-04-15T13:44:32+00:00","mainEntityOfPage":{"@id":"https:\/\/arhitekta.co.rs\/en\/events\/big-architecture-festival-2025\/"},"wordCount":878,"publisher":{"@id":"https:\/\/arhitekta.co.rs\/en\/#organization"},"image":{"@id":"https:\/\/arhitekta.co.rs\/en\/events\/big-architecture-festival-2025\/#primaryimage"},"thumbnailUrl":"https:\/\/arhitekta.co.rs\/en\/wp-content\/uploads\/2025\/04\/01-big-architecture-festival-2024-klemen-krzic.jpg","keywords":["architecture","Architecture Conference 2025","BIG SEE","festival","Portoro\u017e","Slovenia"],"articleSection":["Events","News"],"inLanguage":"en-US"},{"@type":"WebPage","@id":"https:\/\/arhitekta.co.rs\/en\/events\/big-architecture-festival-2025\/","url":"https:\/\/arhitekta.co.rs\/en\/events\/big-architecture-festival-2025\/","name":"BIG Architecture Festival 2025 - Arhitekta - architecture magazine","isPartOf":{"@id":"https:\/\/arhitekta.co.rs\/en\/#website"},"primaryImageOfPage":{"@id":"https:\/\/arhitekta.co.rs\/en\/events\/big-architecture-festival-2025\/#primaryimage"},"image":{"@id":"https:\/\/arhitekta.co.rs\/en\/events\/big-architecture-festival-2025\/#primaryimage"},"thumbnailUrl":"https:\/\/arhitekta.co.rs\/en\/wp-content\/uploads\/2025\/04\/01-big-architecture-festival-2024-klemen-krzic.jpg","datePublished":"2025-04-15T12:23:27+00:00","dateModified":"2025-04-15T13:44:32+00:00","description":"As one of the most influential architectural events in South-East Europe, the BIG Architecture Festival 2025 will bring together the leading voices in architecture and interior design from the region and beyond. Taking place on May 22\u201323 at the stunning coastal venue of Grando, Obala 10 in Portoro\u017e, Slovenia...","breadcrumb":{"@id":"https:\/\/arhitekta.co.rs\/en\/events\/big-architecture-festival-2025\/#breadcrumb"},"inLanguage":"en-US","potentialAction":[{"@type":"ReadAction","target":["https:\/\/arhitekta.co.rs\/en\/events\/big-architecture-festival-2025\/"]}]},{"@type":"ImageObject","inLanguage":"en-US","@id":"https:\/\/arhitekta.co.rs\/en\/events\/big-architecture-festival-2025\/#primaryimage","url":"https:\/\/arhitekta.co.rs\/en\/wp-content\/uploads\/2025\/04\/01-big-architecture-festival-2024-klemen-krzic.jpg","contentUrl":"https:\/\/arhitekta.co.rs\/en\/wp-content\/uploads\/2025\/04\/01-big-architecture-festival-2024-klemen-krzic.jpg","width":1100,"height":713},{"@type":"BreadcrumbList","@id":"https:\/\/arhitekta.co.rs\/en\/events\/big-architecture-festival-2025\/#breadcrumb","itemListElement":[{"@type":"ListItem","position":1,"name":"\u041f\u043e\u0447\u0435\u0442\u043d\u0430","item":"https:\/\/arhitekta.co.rs\/en\/"},{"@type":"ListItem","position":2,"name":"BIG Architecture Festival 2025"}]},{"@type":"WebSite","@id":"https:\/\/arhitekta.co.rs\/en\/#website","url":"https:\/\/arhitekta.co.rs\/en\/","name":"Arhitekta - architecture magazine","description":"","publisher":{"@id":"https:\/\/arhitekta.co.rs\/en\/#organization"},"potentialAction":[{"@type":"SearchAction","target":{"@type":"EntryPoint","urlTemplate":"https:\/\/arhitekta.co.rs\/en\/?s={search_term_string}"},"query-input":{"@type":"PropertyValueSpecification","valueRequired":true,"valueName":"search_term_string"}}],"inLanguage":"en-US"},{"@type":"Organization","@id":"https:\/\/arhitekta.co.rs\/en\/#organization","name":"Arhitekta - architecture magazine","url":"https:\/\/arhitekta.co.rs\/en\/","logo":{"@type":"ImageObject","inLanguage":"en-US","@id":"https:\/\/arhitekta.co.rs\/en\/#\/schema\/logo\/image\/","url":"https:\/\/arhitekta.co.rs\/en\/wp-content\/uploads\/2020\/06\/logo-black.png","contentUrl":"https:\/\/arhitekta.co.rs\/en\/wp-content\/uploads\/2020\/06\/logo-black.png","width":648,"height":173,"caption":"Arhitekta - architecture magazine"},"image":{"@id":"https:\/\/arhitekta.co.rs\/en\/#\/schema\/logo\/image\/"},"sameAs":["https:\/\/www.facebook.com\/ArhitektaCasopis\/","https:\/\/www.linkedin.com\/in\/arhitekta-casopis\/","https:\/\/www.youtube.com\/@arhitekta-casopis\/podcasts","https:\/\/podcasters.spotify.com\/pod\/show\/arhitekta-podcast"]},{"@type":"Person","@id":"https:\/\/arhitekta.co.rs\/en\/#\/schema\/person\/cbd35a5a8a859deaf44a3ad44d022a4b","name":"admin","image":{"@type":"ImageObject","inLanguage":"en-US","@id":"https:\/\/secure.gravatar.com\/avatar\/9b05232474c4da96f7a39adc6124f5885a8c8bcdb9ca852ecc50292b55dd26f7?s=96&d=mm&r=g","url":"https:\/\/secure.gravatar.com\/avatar\/9b05232474c4da96f7a39adc6124f5885a8c8bcdb9ca852ecc50292b55dd26f7?s=96&d=mm&r=g","contentUrl":"https:\/\/secure.gravatar.com\/avatar\/9b05232474c4da96f7a39adc6124f5885a8c8bcdb9ca852ecc50292b55dd26f7?s=96&d=mm&r=g","caption":"admin"},"url":"https:\/\/arhitekta.co.rs\/en\/author\/admin\/"}]}},"_links":{"self":[{"href":"https:\/\/arhitekta.co.rs\/en\/wp-json\/wp\/v2\/posts\/29086","targetHints":{"allow":["GET"]}}],"collection":[{"href":"https:\/\/arhitekta.co.rs\/en\/wp-json\/wp\/v2\/posts"}],"about":[{"href":"https:\/\/arhitekta.co.rs\/en\/wp-json\/wp\/v2\/types\/post"}],"author":[{"embeddable":true,"href":"https:\/\/arhitekta.co.rs\/en\/wp-json\/wp\/v2\/users\/1"}],"replies":[{"embeddable":true,"href":"https:\/\/arhitekta.co.rs\/en\/wp-json\/wp\/v2\/comments?post=29086"}],"version-history":[{"count":14,"href":"https:\/\/arhitekta.co.rs\/en\/wp-json\/wp\/v2\/posts\/29086\/revisions"}],"predecessor-version":[{"id":29113,"href":"https:\/\/arhitekta.co.rs\/en\/wp-json\/wp\/v2\/posts\/29086\/revisions\/29113"}],"wp:featuredmedia":[{"embeddable":true,"href":"https:\/\/arhitekta.co.rs\/en\/wp-json\/wp\/v2\/media\/29091"}],"wp:attachment":[{"href":"https:\/\/arhitekta.co.rs\/en\/wp-json\/wp\/v2\/media?parent=29086"}],"wp:term":[{"taxonomy":"category","embeddable":true,"href":"https:\/\/arhitekta.co.rs\/en\/wp-json\/wp\/v2\/categories?post=29086"},{"taxonomy":"post_tag","embeddable":true,"href":"https:\/\/arhitekta.co.rs\/en\/wp-json\/wp\/v2\/tags?post=29086"}],"curies":[{"name":"wp","href":"https:\/\/api.w.org\/{rel}","templated":true}]}}